{"id":410,"date":"2022-11-16T21:59:41","date_gmt":"2022-11-16T21:59:41","guid":{"rendered":"https:\/\/pricecarz.com\/blog\/?p=410"},"modified":"2026-02-02T10:35:47","modified_gmt":"2026-02-02T10:35:47","slug":"4-masini-de-inchiriat-iarna-recomandate-de-pricecarz","status":"publish","type":"post","link":"https:\/\/pricecarz.com\/blog\/4-masini-de-inchiriat-iarna-recomandate-de-pricecarz\/","title":{"rendered":"4 ma\u0219ini de \u00eenchiriat iarna recomandate de pricecarz"},"content":{"rendered":"<p><span style=\"color: #333333;\">Ne preg\u0103tim deja de sezonul de iarn\u0103, una din acele perioade din an c\u00e2nd cei care au ma\u0219ini SUV simt cu adev\u0103rat un avantaj fa\u021b\u0103 de restul participan\u021bilor la trafic. Am preg\u0103tit un articol \u00een care v\u0103 vom prezenta patru <span style=\"color: #3366ff;\"><strong><a style=\"color: #3366ff;\" href=\"https:\/\/pricecarz.com\/blog\/ce-tip-de-masina-inchiriezi-hybrid-sau-clasic-afla-diferentele\/\">ma\u0219ini excelente de \u00eenchiriat iarna<\/a><\/strong><\/span>, recomandate de pricecarz.<\/span><\/p>\n<h2><span style=\"color: #333333;\">4 ma\u0219ini pe care s\u0103 le \u00eenchiriezi iarna<\/span><\/h2>\n<p><span style=\"color: #333333;\">Pe l\u00e2ng\u0103 abilit\u0103\u021bile \u0219oferului, iarna ai nevoie de c\u00e2teva lucruri importante de la ma\u0219ina pe care o conduci! \u00cen primul r\u00e2nd, stabilitate! Aici vorbim despre ma\u0219inile 4&#215;4, iar de <span style=\"color: #3366ff;\"><a style=\"color: #3366ff;\" href=\"https:\/\/pricecarz.com\/blog\/cele-mai-frecvente-greseli-la-inchirierea-unei-masini\/\">evitat pe timp de iarn\u0103 sunt ma\u0219inile<\/a><\/span> care au trac\u021biune pe spate. Mai apoi, dac\u0103 te-ai asigurat c\u0103 ai o ma\u0219in\u0103 \u00een care toate ro\u021bile trag, atunci ar trebui s\u0103 ai la dispozi\u021bie \u0219i o ma\u0219in\u0103 puternic\u0103, pentru a fi sigur c\u0103 ie\u0219i din situa\u021bii grele, mai ales c\u0103 drumurile din Rom\u00e2nia nu sunt at\u00e2t de bune. Ma\u0219ini de \u00eenchiriat 4&#215;4 \u00een Rom\u00e2nia.<\/span><\/p>\n<p><span style=\"color: #333333;\"><strong>BMW X3 \u0219i BMW X5<\/strong><\/span><\/p>\n<p><span style=\"color: #333333;\">Vrei s\u0103 \u00eenchiriezi o ma\u0219in\u0103 sigur\u0103, din clasa de lux, care s\u0103 te \u0219i duc\u0103 la destina\u021bie \u0219i s\u0103 te ajute s\u0103 faci \u0219i o impresie bun\u0103? Atunci \u00eencearc\u0103 \u201dX\u201d-urile de la BMW, \u00een special X3 \u0219i X5. Costurile pentru \u00eenchiriere nu sunt at\u00e2t de ridicate \u0219i tu vei avea experien\u021ba unui condus excelent. Ma\u0219ini de \u00eenchiriat \u00een Bra\u0219ov \u0219i \u00een zona de munte.<\/span><\/p>\n<h2><span style=\"color: #333333;\">Ma\u0219ini bune \u0219i ieftine de \u00eenchiriat iarna<\/span><\/h2>\n<p><span style=\"color: #333333;\"><strong>OPEL CROSSLAND<\/strong><\/span><\/p>\n<p><span style=\"color: #333333;\">\u00cen cazul \u00een care vrei tot un SUV, dar preten\u021biile sunt mai mici \u0219i bugetul mai sc\u0103zut, Opel Crossland este recomandarea pricecarz pentru tine. E excelent pentru drumurile de ora\u0219, dar face fa\u021b\u0103 mult peste a\u0219tept\u0103ri \u0219i dac\u0103-l sco\u021bi de pe asfalt \u0219i-l pui pe drumuri \u00eenz\u0103pezite sau mai greoaie. \u00ce\u021bi livr\u0103m orice ma\u0219in\u0103 oriunde \u00een Rom\u00e2nia prin serviciul nostru complet.<\/span><\/p>\n<p><span style=\"color: #333333;\"><strong>DACIA DUSTER<\/strong><\/span><\/p>\n<p><span style=\"color: #333333;\">Nici Dacia Duster n-ar trebui neglijat\u0103 dac\u0103 \u00ee\u021bi dore\u0219ti o ma\u0219in\u0103 puternic\u0103, cu gard\u0103 \u00eenalt\u0103, care s\u0103 nu te lase la greu \u00een cazul unui drum la munte, s\u0103 zicem, \u00eentr-o perioad\u0103 \u00een care meteorologii au anun\u021bat cod de ninsoare. Modelul de teren de la Dacia se va descurca de minune \u0219i se va dovedi, la fel ca \u00eentotdeauna, o alegere bun\u0103 pentru Rom\u00e2nia.<\/span><\/p>\n","protected":false},"excerpt":{"rendered":"<p>Ne preg\u0103tim deja de sezonul de iarn\u0103, una din acele perioade din an c\u00e2nd cei care au ma\u0219ini SUV simt cu adev\u0103rat un avantaj fa\u021b\u0103 de restul participan\u021bilor la trafic. Am preg\u0103tit un articol \u00een care v\u0103 vom prezenta patru ma\u0219ini excelente de \u00eenchiriat iarna, recomandate de pricecarz. 4 ma\u0219ini pe care s\u0103 le \u00eenchiriezi [&hellip;]<\/p>\n","protected":false},"author":1,"featured_media":183,"comment_status":"closed","ping_status":"closed","sticky":false,"template":"","format":"standard","meta":{"footnotes":""},"categories":[15,102,103],"tags":[255],"class_list":["post-410","post","type-post","status-publish","format-standard","has-post-thumbnail","hentry","category-rent-a-car","category-auto","category-stiri","tag-masini-de-inchiriat-iarna"],"better_featured_image":{"id":183,"alt_text":"masini de inchiriat iarna","caption":"","description":"","media_type":"image","media_details":{"width":800,"height":450,"file":"2020\/08\/dacia-bun-800x450-1.jpg","sizes":{"medium":{"file":"dacia-bun-800x450-1-300x169.jpg","width":300,"height":169,"mime-type":"image\/jpeg","source_url":"https:\/\/pricecarz.com\/blog\/wp-content\/uploads\/2020\/08\/dacia-bun-800x450-1-300x169.jpg"},"thumbnail":{"file":"dacia-bun-800x450-1-150x150.jpg","width":150,"height":150,"mime-type":"image\/jpeg","source_url":"https:\/\/pricecarz.com\/blog\/wp-content\/uploads\/2020\/08\/dacia-bun-800x450-1-150x150.jpg"},"medium_large":{"file":"dacia-bun-800x450-1-768x432.jpg","width":768,"height":432,"mime-type":"image\/jpeg","source_url":"https:\/\/pricecarz.com\/blog\/wp-content\/uploads\/2020\/08\/dacia-bun-800x450-1-768x432.jpg"}},"image_meta":{"aperture":"0","credit":"","camera":"","caption":"","created_timestamp":"0","copyright":"","focal_length":"0","iso":"0","shutter_speed":"0","title":"","orientation":"0","keywords":[]}},"post":null,"source_url":"https:\/\/pricecarz.com\/blog\/wp-content\/uploads\/2020\/08\/dacia-bun-800x450-1.jpg"},"yoast_head":"<!-- This site is optimized with the Yoast SEO plugin v27.5 - https:\/\/yoast.com\/product\/yoast-seo-wordpress\/ -->\n<title>4 Ma\u0219ini de \u00cenchiriat Iarna \u2013 Recomand\u0103rile PriceCarz<\/title>\n<meta name=\"description\" content=\"Cau\u021bi o ma\u0219in\u0103 de \u00eenchiriat pentru iarn\u0103? Descoper\u0103 4 modele ideale recomandate de noi pentru siguran\u021b\u0103, confort pe drumurile de iarn\u0103.\" \/>\n<meta name=\"robots\" content=\"index, follow, max-snippet:-1, max-image-preview:large, max-video-preview:-1\" \/>\n<link rel=\"canonical\" href=\"https:\/\/pricecarz.com\/blog\/4-masini-de-inchiriat-iarna-recomandate-de-pricecarz\/\" \/>\n<meta property=\"og:locale\" content=\"ro_RO\" \/>\n<meta property=\"og:type\" content=\"article\" \/>\n<meta property=\"og:title\" content=\"4 Ma\u0219ini de \u00cenchiriat Iarna \u2013 Recomand\u0103rile PriceCarz\" \/>\n<meta property=\"og:description\" content=\"Cau\u021bi o ma\u0219in\u0103 de \u00eenchiriat pentru iarn\u0103? Descoper\u0103 4 modele ideale recomandate de noi pentru siguran\u021b\u0103, confort pe drumurile de iarn\u0103.\" \/>\n<meta property=\"og:url\" content=\"https:\/\/pricecarz.com\/blog\/4-masini-de-inchiriat-iarna-recomandate-de-pricecarz\/\" \/>\n<meta property=\"og:site_name\" content=\"PriceCarz - News\" \/>\n<meta property=\"article:publisher\" content=\"https:\/\/www.facebook.com\/pricecarzro\/\" \/>\n<meta property=\"article:published_time\" content=\"2022-11-16T21:59:41+00:00\" \/>\n<meta property=\"article:modified_time\" content=\"2026-02-02T10:35:47+00:00\" \/>\n<meta property=\"og:image\" content=\"https:\/\/pricecarz.com\/blog\/wp-content\/uploads\/2020\/08\/dacia-bun-800x450-1.jpg\" \/>\n\t<meta property=\"og:image:width\" content=\"800\" \/>\n\t<meta property=\"og:image:height\" content=\"450\" \/>\n\t<meta property=\"og:image:type\" content=\"image\/jpeg\" \/>\n<meta name=\"author\" content=\"PriceCarz\" \/>\n<meta name=\"twitter:card\" content=\"summary_large_image\" \/>\n<meta name=\"twitter:label1\" content=\"Scris de\" \/>\n\t<meta name=\"twitter:data1\" content=\"PriceCarz\" \/>\n\t<meta name=\"twitter:label2\" content=\"Timp estimat pentru citire\" \/>\n\t<meta name=\"twitter:data2\" content=\"3 minute\" \/>\n<script type=\"application\/ld+json\" class=\"yoast-schema-graph\">{\"@context\":\"https:\\\/\\\/schema.org\",\"@graph\":[{\"@type\":\"Article\",\"@id\":\"https:\\\/\\\/pricecarz.com\\\/blog\\\/4-masini-de-inchiriat-iarna-recomandate-de-pricecarz\\\/#article\",\"isPartOf\":{\"@id\":\"https:\\\/\\\/pricecarz.com\\\/blog\\\/4-masini-de-inchiriat-iarna-recomandate-de-pricecarz\\\/\"},\"author\":{\"name\":\"PriceCarz\",\"@id\":\"https:\\\/\\\/pricecarz.com\\\/blog\\\/#\\\/schema\\\/person\\\/e06ce7cec48ca5e9143baad0b1d7f1a3\"},\"headline\":\"4 ma\u0219ini de \u00eenchiriat iarna recomandate de pricecarz\",\"datePublished\":\"2022-11-16T21:59:41+00:00\",\"dateModified\":\"2026-02-02T10:35:47+00:00\",\"mainEntityOfPage\":{\"@id\":\"https:\\\/\\\/pricecarz.com\\\/blog\\\/4-masini-de-inchiriat-iarna-recomandate-de-pricecarz\\\/\"},\"wordCount\":408,\"publisher\":{\"@id\":\"https:\\\/\\\/pricecarz.com\\\/blog\\\/#organization\"},\"image\":{\"@id\":\"https:\\\/\\\/pricecarz.com\\\/blog\\\/4-masini-de-inchiriat-iarna-recomandate-de-pricecarz\\\/#primaryimage\"},\"thumbnailUrl\":\"https:\\\/\\\/pricecarz.com\\\/blog\\\/wp-content\\\/uploads\\\/2020\\\/08\\\/dacia-bun-800x450-1.jpg\",\"keywords\":[\"masini de inchiriat iarna\"],\"articleSection\":[\"Rent a Car\",\"Sfaturi auto\",\"Stiri inchirieri auto\"],\"inLanguage\":\"ro-RO\"},{\"@type\":\"WebPage\",\"@id\":\"https:\\\/\\\/pricecarz.com\\\/blog\\\/4-masini-de-inchiriat-iarna-recomandate-de-pricecarz\\\/\",\"url\":\"https:\\\/\\\/pricecarz.com\\\/blog\\\/4-masini-de-inchiriat-iarna-recomandate-de-pricecarz\\\/\",\"name\":\"4 Ma\u0219ini de \u00cenchiriat Iarna \u2013 Recomand\u0103rile PriceCarz\",\"isPartOf\":{\"@id\":\"https:\\\/\\\/pricecarz.com\\\/blog\\\/#website\"},\"primaryImageOfPage\":{\"@id\":\"https:\\\/\\\/pricecarz.com\\\/blog\\\/4-masini-de-inchiriat-iarna-recomandate-de-pricecarz\\\/#primaryimage\"},\"image\":{\"@id\":\"https:\\\/\\\/pricecarz.com\\\/blog\\\/4-masini-de-inchiriat-iarna-recomandate-de-pricecarz\\\/#primaryimage\"},\"thumbnailUrl\":\"https:\\\/\\\/pricecarz.com\\\/blog\\\/wp-content\\\/uploads\\\/2020\\\/08\\\/dacia-bun-800x450-1.jpg\",\"datePublished\":\"2022-11-16T21:59:41+00:00\",\"dateModified\":\"2026-02-02T10:35:47+00:00\",\"description\":\"Cau\u021bi o ma\u0219in\u0103 de \u00eenchiriat pentru iarn\u0103? Descoper\u0103 4 modele ideale recomandate de noi pentru siguran\u021b\u0103, confort pe drumurile de iarn\u0103.\",\"breadcrumb\":{\"@id\":\"https:\\\/\\\/pricecarz.com\\\/blog\\\/4-masini-de-inchiriat-iarna-recomandate-de-pricecarz\\\/#breadcrumb\"},\"inLanguage\":\"ro-RO\",\"potentialAction\":[{\"@type\":\"ReadAction\",\"target\":[\"https:\\\/\\\/pricecarz.com\\\/blog\\\/4-masini-de-inchiriat-iarna-recomandate-de-pricecarz\\\/\"]}]},{\"@type\":\"ImageObject\",\"inLanguage\":\"ro-RO\",\"@id\":\"https:\\\/\\\/pricecarz.com\\\/blog\\\/4-masini-de-inchiriat-iarna-recomandate-de-pricecarz\\\/#primaryimage\",\"url\":\"https:\\\/\\\/pricecarz.com\\\/blog\\\/wp-content\\\/uploads\\\/2020\\\/08\\\/dacia-bun-800x450-1.jpg\",\"contentUrl\":\"https:\\\/\\\/pricecarz.com\\\/blog\\\/wp-content\\\/uploads\\\/2020\\\/08\\\/dacia-bun-800x450-1.jpg\",\"width\":800,\"height\":450,\"caption\":\"masini de inchiriat iarna\"},{\"@type\":\"BreadcrumbList\",\"@id\":\"https:\\\/\\\/pricecarz.com\\\/blog\\\/4-masini-de-inchiriat-iarna-recomandate-de-pricecarz\\\/#breadcrumb\",\"itemListElement\":[{\"@type\":\"ListItem\",\"position\":1,\"name\":\"Prima pagin\u0103\",\"item\":\"https:\\\/\\\/pricecarz.com\\\/blog\\\/\"},{\"@type\":\"ListItem\",\"position\":2,\"name\":\"4 ma\u0219ini de \u00eenchiriat iarna recomandate de pricecarz\"}]},{\"@type\":\"WebSite\",\"@id\":\"https:\\\/\\\/pricecarz.com\\\/blog\\\/#website\",\"url\":\"https:\\\/\\\/pricecarz.com\\\/blog\\\/\",\"name\":\"PriceCarz - Inchirieri auto romania. Rent a Car Otopeni, Sibiu, Timisoara, Cluj Napoca, Iasi\",\"description\":\"\u00cenchiriaz\u0103 ma\u0219ina potrivit\u0103 pentru tine\",\"publisher\":{\"@id\":\"https:\\\/\\\/pricecarz.com\\\/blog\\\/#organization\"},\"alternateName\":\"Rent a Car Romania\",\"potentialAction\":[{\"@type\":\"SearchAction\",\"target\":{\"@type\":\"EntryPoint\",\"urlTemplate\":\"https:\\\/\\\/pricecarz.com\\\/blog\\\/?s={search_term_string}\"},\"query-input\":{\"@type\":\"PropertyValueSpecification\",\"valueRequired\":true,\"valueName\":\"search_term_string\"}}],\"inLanguage\":\"ro-RO\"},{\"@type\":\"Organization\",\"@id\":\"https:\\\/\\\/pricecarz.com\\\/blog\\\/#organization\",\"name\":\"PriceCarz - Inchirieri auto romania. Rent a Car Otopeni, Sibiu, Timisoara, Cluj Napoca, Iasi\",\"url\":\"https:\\\/\\\/pricecarz.com\\\/blog\\\/\",\"logo\":{\"@type\":\"ImageObject\",\"inLanguage\":\"ro-RO\",\"@id\":\"https:\\\/\\\/pricecarz.com\\\/blog\\\/#\\\/schema\\\/logo\\\/image\\\/\",\"url\":\"https:\\\/\\\/pricecarz.com\\\/blog\\\/wp-content\\\/uploads\\\/2022\\\/11\\\/cropped-pricecarzfavicon.png\",\"contentUrl\":\"https:\\\/\\\/pricecarz.com\\\/blog\\\/wp-content\\\/uploads\\\/2022\\\/11\\\/cropped-pricecarzfavicon.png\",\"width\":512,\"height\":512,\"caption\":\"PriceCarz - Inchirieri auto romania. Rent a Car Otopeni, Sibiu, Timisoara, Cluj Napoca, Iasi\"},\"image\":{\"@id\":\"https:\\\/\\\/pricecarz.com\\\/blog\\\/#\\\/schema\\\/logo\\\/image\\\/\"},\"sameAs\":[\"https:\\\/\\\/www.facebook.com\\\/pricecarzro\\\/\",\"https:\\\/\\\/www.tiktok.com\\\/@pricecarz\",\"https:\\\/\\\/linkedin.com\\\/in\\\/price-carz-3198ab24a\",\"https:\\\/\\\/www.youtube.com\\\/@Pricecarz\",\"https:\\\/\\\/www.instagram.com\\\/price.carz\\\/\"]},{\"@type\":\"Person\",\"@id\":\"https:\\\/\\\/pricecarz.com\\\/blog\\\/#\\\/schema\\\/person\\\/e06ce7cec48ca5e9143baad0b1d7f1a3\",\"name\":\"PriceCarz\",\"image\":{\"@type\":\"ImageObject\",\"inLanguage\":\"ro-RO\",\"@id\":\"https:\\\/\\\/secure.gravatar.com\\\/avatar\\\/2d8861120a5e9117f964b256ce8539af85ece08559d68a5266188a17bd0dfac9?s=96&d=mm&r=g\",\"url\":\"https:\\\/\\\/secure.gravatar.com\\\/avatar\\\/2d8861120a5e9117f964b256ce8539af85ece08559d68a5266188a17bd0dfac9?s=96&d=mm&r=g\",\"contentUrl\":\"https:\\\/\\\/secure.gravatar.com\\\/avatar\\\/2d8861120a5e9117f964b256ce8539af85ece08559d68a5266188a17bd0dfac9?s=96&d=mm&r=g\",\"caption\":\"PriceCarz\"},\"sameAs\":[\"https:\\\/\\\/pricecarz.com\\\/blog\"]}]}<\/script>\n<!-- \/ Yoast SEO plugin. -->","yoast_head_json":{"title":"4 Ma\u0219ini de \u00cenchiriat Iarna \u2013 Recomand\u0103rile PriceCarz","description":"Cau\u021bi o ma\u0219in\u0103 de \u00eenchiriat pentru iarn\u0103? Descoper\u0103 4 modele ideale recomandate de noi pentru siguran\u021b\u0103, confort pe drumurile de iarn\u0103.","robots":{"index":"index","follow":"follow","max-snippet":"max-snippet:-1","max-image-preview":"max-image-preview:large","max-video-preview":"max-video-preview:-1"},"canonical":"https:\/\/pricecarz.com\/blog\/4-masini-de-inchiriat-iarna-recomandate-de-pricecarz\/","og_locale":"ro_RO","og_type":"article","og_title":"4 Ma\u0219ini de \u00cenchiriat Iarna \u2013 Recomand\u0103rile PriceCarz","og_description":"Cau\u021bi o ma\u0219in\u0103 de \u00eenchiriat pentru iarn\u0103? Descoper\u0103 4 modele ideale recomandate de noi pentru siguran\u021b\u0103, confort pe drumurile de iarn\u0103.","og_url":"https:\/\/pricecarz.com\/blog\/4-masini-de-inchiriat-iarna-recomandate-de-pricecarz\/","og_site_name":"PriceCarz - News","article_publisher":"https:\/\/www.facebook.com\/pricecarzro\/","article_published_time":"2022-11-16T21:59:41+00:00","article_modified_time":"2026-02-02T10:35:47+00:00","og_image":[{"width":800,"height":450,"url":"https:\/\/pricecarz.com\/blog\/wp-content\/uploads\/2020\/08\/dacia-bun-800x450-1.jpg","type":"image\/jpeg"}],"author":"PriceCarz","twitter_card":"summary_large_image","twitter_misc":{"Scris de":"PriceCarz","Timp estimat pentru citire":"3 minute"},"schema":{"@context":"https:\/\/schema.org","@graph":[{"@type":"Article","@id":"https:\/\/pricecarz.com\/blog\/4-masini-de-inchiriat-iarna-recomandate-de-pricecarz\/#article","isPartOf":{"@id":"https:\/\/pricecarz.com\/blog\/4-masini-de-inchiriat-iarna-recomandate-de-pricecarz\/"},"author":{"name":"PriceCarz","@id":"https:\/\/pricecarz.com\/blog\/#\/schema\/person\/e06ce7cec48ca5e9143baad0b1d7f1a3"},"headline":"4 ma\u0219ini de \u00eenchiriat iarna recomandate de pricecarz","datePublished":"2022-11-16T21:59:41+00:00","dateModified":"2026-02-02T10:35:47+00:00","mainEntityOfPage":{"@id":"https:\/\/pricecarz.com\/blog\/4-masini-de-inchiriat-iarna-recomandate-de-pricecarz\/"},"wordCount":408,"publisher":{"@id":"https:\/\/pricecarz.com\/blog\/#organization"},"image":{"@id":"https:\/\/pricecarz.com\/blog\/4-masini-de-inchiriat-iarna-recomandate-de-pricecarz\/#primaryimage"},"thumbnailUrl":"https:\/\/pricecarz.com\/blog\/wp-content\/uploads\/2020\/08\/dacia-bun-800x450-1.jpg","keywords":["masini de inchiriat iarna"],"articleSection":["Rent a Car","Sfaturi auto","Stiri inchirieri auto"],"inLanguage":"ro-RO"},{"@type":"WebPage","@id":"https:\/\/pricecarz.com\/blog\/4-masini-de-inchiriat-iarna-recomandate-de-pricecarz\/","url":"https:\/\/pricecarz.com\/blog\/4-masini-de-inchiriat-iarna-recomandate-de-pricecarz\/","name":"4 Ma\u0219ini de \u00cenchiriat Iarna \u2013 Recomand\u0103rile PriceCarz","isPartOf":{"@id":"https:\/\/pricecarz.com\/blog\/#website"},"primaryImageOfPage":{"@id":"https:\/\/pricecarz.com\/blog\/4-masini-de-inchiriat-iarna-recomandate-de-pricecarz\/#primaryimage"},"image":{"@id":"https:\/\/pricecarz.com\/blog\/4-masini-de-inchiriat-iarna-recomandate-de-pricecarz\/#primaryimage"},"thumbnailUrl":"https:\/\/pricecarz.com\/blog\/wp-content\/uploads\/2020\/08\/dacia-bun-800x450-1.jpg","datePublished":"2022-11-16T21:59:41+00:00","dateModified":"2026-02-02T10:35:47+00:00","description":"Cau\u021bi o ma\u0219in\u0103 de \u00eenchiriat pentru iarn\u0103? Descoper\u0103 4 modele ideale recomandate de noi pentru siguran\u021b\u0103, confort pe drumurile de iarn\u0103.","breadcrumb":{"@id":"https:\/\/pricecarz.com\/blog\/4-masini-de-inchiriat-iarna-recomandate-de-pricecarz\/#breadcrumb"},"inLanguage":"ro-RO","potentialAction":[{"@type":"ReadAction","target":["https:\/\/pricecarz.com\/blog\/4-masini-de-inchiriat-iarna-recomandate-de-pricecarz\/"]}]},{"@type":"ImageObject","inLanguage":"ro-RO","@id":"https:\/\/pricecarz.com\/blog\/4-masini-de-inchiriat-iarna-recomandate-de-pricecarz\/#primaryimage","url":"https:\/\/pricecarz.com\/blog\/wp-content\/uploads\/2020\/08\/dacia-bun-800x450-1.jpg","contentUrl":"https:\/\/pricecarz.com\/blog\/wp-content\/uploads\/2020\/08\/dacia-bun-800x450-1.jpg","width":800,"height":450,"caption":"masini de inchiriat iarna"},{"@type":"BreadcrumbList","@id":"https:\/\/pricecarz.com\/blog\/4-masini-de-inchiriat-iarna-recomandate-de-pricecarz\/#breadcrumb","itemListElement":[{"@type":"ListItem","position":1,"name":"Prima pagin\u0103","item":"https:\/\/pricecarz.com\/blog\/"},{"@type":"ListItem","position":2,"name":"4 ma\u0219ini de \u00eenchiriat iarna recomandate de pricecarz"}]},{"@type":"WebSite","@id":"https:\/\/pricecarz.com\/blog\/#website","url":"https:\/\/pricecarz.com\/blog\/","name":"PriceCarz - Inchirieri auto romania. Rent a Car Otopeni, Sibiu, Timisoara, Cluj Napoca, Iasi","description":"\u00cenchiriaz\u0103 ma\u0219ina potrivit\u0103 pentru tine","publisher":{"@id":"https:\/\/pricecarz.com\/blog\/#organization"},"alternateName":"Rent a Car Romania","potentialAction":[{"@type":"SearchAction","target":{"@type":"EntryPoint","urlTemplate":"https:\/\/pricecarz.com\/blog\/?s={search_term_string}"},"query-input":{"@type":"PropertyValueSpecification","valueRequired":true,"valueName":"search_term_string"}}],"inLanguage":"ro-RO"},{"@type":"Organization","@id":"https:\/\/pricecarz.com\/blog\/#organization","name":"PriceCarz - Inchirieri auto romania. Rent a Car Otopeni, Sibiu, Timisoara, Cluj Napoca, Iasi","url":"https:\/\/pricecarz.com\/blog\/","logo":{"@type":"ImageObject","inLanguage":"ro-RO","@id":"https:\/\/pricecarz.com\/blog\/#\/schema\/logo\/image\/","url":"https:\/\/pricecarz.com\/blog\/wp-content\/uploads\/2022\/11\/cropped-pricecarzfavicon.png","contentUrl":"https:\/\/pricecarz.com\/blog\/wp-content\/uploads\/2022\/11\/cropped-pricecarzfavicon.png","width":512,"height":512,"caption":"PriceCarz - Inchirieri auto romania. Rent a Car Otopeni, Sibiu, Timisoara, Cluj Napoca, Iasi"},"image":{"@id":"https:\/\/pricecarz.com\/blog\/#\/schema\/logo\/image\/"},"sameAs":["https:\/\/www.facebook.com\/pricecarzro\/","https:\/\/www.tiktok.com\/@pricecarz","https:\/\/linkedin.com\/in\/price-carz-3198ab24a","https:\/\/www.youtube.com\/@Pricecarz","https:\/\/www.instagram.com\/price.carz\/"]},{"@type":"Person","@id":"https:\/\/pricecarz.com\/blog\/#\/schema\/person\/e06ce7cec48ca5e9143baad0b1d7f1a3","name":"PriceCarz","image":{"@type":"ImageObject","inLanguage":"ro-RO","@id":"https:\/\/secure.gravatar.com\/avatar\/2d8861120a5e9117f964b256ce8539af85ece08559d68a5266188a17bd0dfac9?s=96&d=mm&r=g","url":"https:\/\/secure.gravatar.com\/avatar\/2d8861120a5e9117f964b256ce8539af85ece08559d68a5266188a17bd0dfac9?s=96&d=mm&r=g","contentUrl":"https:\/\/secure.gravatar.com\/avatar\/2d8861120a5e9117f964b256ce8539af85ece08559d68a5266188a17bd0dfac9?s=96&d=mm&r=g","caption":"PriceCarz"},"sameAs":["https:\/\/pricecarz.com\/blog"]}]}},"_links":{"self":[{"href":"https:\/\/pricecarz.com\/blog\/wp-json\/wp\/v2\/posts\/410","targetHints":{"allow":["GET"]}}],"collection":[{"href":"https:\/\/pricecarz.com\/blog\/wp-json\/wp\/v2\/posts"}],"about":[{"href":"https:\/\/pricecarz.com\/blog\/wp-json\/wp\/v2\/types\/post"}],"author":[{"embeddable":true,"href":"https:\/\/pricecarz.com\/blog\/wp-json\/wp\/v2\/users\/1"}],"replies":[{"embeddable":true,"href":"https:\/\/pricecarz.com\/blog\/wp-json\/wp\/v2\/comments?post=410"}],"version-history":[{"count":7,"href":"https:\/\/pricecarz.com\/blog\/wp-json\/wp\/v2\/posts\/410\/revisions"}],"predecessor-version":[{"id":1495,"href":"https:\/\/pricecarz.com\/blog\/wp-json\/wp\/v2\/posts\/410\/revisions\/1495"}],"wp:featuredmedia":[{"embeddable":true,"href":"https:\/\/pricecarz.com\/blog\/wp-json\/wp\/v2\/media\/183"}],"wp:attachment":[{"href":"https:\/\/pricecarz.com\/blog\/wp-json\/wp\/v2\/media?parent=410"}],"wp:term":[{"taxonomy":"category","embeddable":true,"href":"https:\/\/pricecarz.com\/blog\/wp-json\/wp\/v2\/categories?post=410"},{"taxonomy":"post_tag","embeddable":true,"href":"https:\/\/pricecarz.com\/blog\/wp-json\/wp\/v2\/tags?post=410"}],"curies":[{"name":"wp","href":"https:\/\/api.w.org\/{rel}","templated":true}]}}