{"id":2041,"date":"2026-04-27T05:38:45","date_gmt":"2026-04-27T05:38:45","guid":{"rendered":"https:\/\/pricecarz.com\/blog\/?p=2041"},"modified":"2026-04-28T05:48:25","modified_gmt":"2026-04-28T05:48:25","slug":"rent-a-car-romania-comparatie-cu-pietele-vestice","status":"publish","type":"post","link":"https:\/\/pricecarz.com\/blog\/rent-a-car-romania-comparatie-cu-pietele-vestice\/","title":{"rendered":"Rent a car Rom\u00e2nia \u2013 compara\u021bie cu pie\u021bele vestice"},"content":{"rendered":"<div class=\"flex max-w-full flex-col gap-4 grow\">\n<div class=\"min-h-8 text-message relative flex w-full flex-col items-end gap-2 text-start break-words whitespace-normal outline-none keyboard-focused:focus-ring [.text-message+&amp;]:mt-1\" dir=\"auto\" tabindex=\"0\" data-message-author-role=\"assistant\" data-message-id=\"cb9bbf60-293a-4c0a-833b-2c9890643f3c\" data-message-model-slug=\"gpt-5-5-thinking\" data-turn-start-message=\"true\">\n<div class=\"flex w-full flex-col gap-1 empty:hidden\">\n<div class=\"markdown prose dark:prose-invert w-full wrap-break-word dark markdown-new-styling\">\n<p data-start=\"55\" data-end=\"679\">Pia\u021ba de rent a car din Rom\u00e2nia a crescut vizibil \u00een ultimii ani, mai ales \u00een ora\u0219ele mari, \u00een zonele turistice \u0219i \u00een jurul aeroporturilor. Bucure\u0219ti, Cluj-Napoca, Ia\u0219i, Timi\u0219oara, Bra\u0219ov sau Constan\u021ba au devenit puncte importante pentru \u00eenchirieri auto, at\u00e2t pentru turi\u0219ti str\u0103ini, c\u00e2t \u0219i pentru rom\u00e2nii care c\u0103l\u0103toresc \u00een interes personal sau profesional. Totu\u0219i, atunci c\u00e2nd compar\u0103m serviciile de rent a car din Rom\u00e2nia cu cele din pie\u021bele vestice, diferen\u021bele nu \u021bin doar de pre\u021b, ci \u0219i de obiceiurile clien\u021bilor, nivelul de digitalizare, transparen\u021ba ofertelor \u0219i modul \u00een care sunt explicate condi\u021biile contractuale.<\/p>\n<p data-start=\"681\" data-end=\"1233\">\u00cen Europa de Vest, \u00eenchirierea unei ma\u0219ini este adesea perceput\u0103 ca un serviciu standardizat, foarte bine integrat \u00een infrastructura de c\u0103l\u0103torie. \u00cen aeroporturi, g\u0103ri sau centre urbane, companiile de rent a car func\u021bioneaz\u0103 dup\u0103 proceduri clare, iar clien\u021bii sunt obi\u0219nui\u021bi s\u0103 compare rapid ofertele online. \u00cen Rom\u00e2nia, pia\u021ba este mai fragmentat\u0103. Exist\u0103 companii interna\u021bionale, firme locale serioase, dar \u0219i operatori mai mici, unde experien\u021ba poate varia destul de mult. De aceea, alegerea furnizorului conteaz\u0103 mai mult dec\u00e2t pare la prima vedere.<\/p>\n<h2 data-section-id=\"128yxba\" data-start=\"1235\" data-end=\"1288\">Diferen\u021be de pre\u021b \u00eentre Rom\u00e2nia \u0219i pie\u021bele vestice<\/h2>\n<p data-start=\"1290\" data-end=\"1734\">Unul dintre primele aspecte observate de clien\u021bi este pre\u021bul de baz\u0103. \u00cen Rom\u00e2nia, tarifele zilnice pot fi mai accesibile dec\u00e2t \u00een multe \u021b\u0103ri din Vest, mai ales pentru ma\u0219inile din clasele economy \u0219i compact. Pentru un client care vine din Germania, Fran\u021ba, Italia, Olanda sau Marea Britanie, o ofert\u0103 de rent a car \u00een Rom\u00e2nia poate p\u0103rea avantajoas\u0103 la prima vedere. Totu\u0219i, compara\u021bia corect\u0103 nu trebuie f\u0103cut\u0103 doar dup\u0103 pre\u021bul afi\u0219at ini\u021bial.<\/p>\n<p data-start=\"1736\" data-end=\"2273\">\u00cen pie\u021bele vestice, pre\u021burile pot fi mai mari, dar sunt adesea prezentate \u00eentr-un sistem mai clar, cu pachete standardizate, op\u021biuni de asigurare explicate detaliat \u0219i politici mai previzibile pentru garan\u021bie, combustibil sau kilometri inclu\u0219i. \u00cen Rom\u00e2nia, pot exista oferte foarte bune, dar clientul trebuie s\u0103 fie atent la ce include efectiv tariful. O ma\u0219in\u0103 ieftin\u0103 pe zi poate deveni mai costisitoare dac\u0103 se adaug\u0103 taxe suplimentare, garan\u021bii mari, limit\u0103ri de kilometri sau costuri pentru preluare \u0219i predare \u00een afara programului.<\/p>\n<h2 data-section-id=\"1ki4qfu\" data-start=\"2275\" data-end=\"2320\">De ce conteaz\u0103 costul total al \u00eenchirierii<\/h2>\n<p data-start=\"2322\" data-end=\"2896\">Pentru orice client, cel mai important reper nu ar trebui s\u0103 fie pre\u021bul pe zi, ci <a href=\"https:\/\/pricecarz.com\/blog\/cum-se-calculeaza-costul-total-la-inchirieri-auto\/\"><strong data-start=\"2404\" data-end=\"2434\">costul total al inchirerii<\/strong><\/a>. Acesta include tariful de baz\u0103, garan\u021bia blocat\u0103 pe card, asigurarea, politica de combustibil, kilometrii disponibili, eventualele taxe pentru aeroport, \u0219ofer suplimentar, scaun pentru copil, predare \u00een alt ora\u0219 sau utilizare \u00een afara \u021b\u0103rii. \u00cen pie\u021bele vestice, clien\u021bii sunt mai obi\u0219nui\u021bi s\u0103 analizeze toate aceste detalii \u00eenainte de rezervare. \u00cen Rom\u00e2nia, mul\u021bi aleg \u00eenc\u0103 \u00een func\u021bie de cel mai mic pre\u021b afi\u0219at, f\u0103r\u0103 s\u0103 verifice suficient condi\u021biile complete.<\/p>\n<p data-start=\"2898\" data-end=\"3351\">Aceast\u0103 diferen\u021b\u0103 de comportament creeaz\u0103 uneori ne\u00een\u021belegeri. Clientul se a\u0219teapt\u0103 s\u0103 pl\u0103teasc\u0103 o sum\u0103, dar descoper\u0103 la preluare c\u0103 exist\u0103 garan\u021bii sau op\u021biuni care schimb\u0103 bugetul ini\u021bial. De aceea, o companie serioas\u0103 trebuie s\u0103 explice din timp toate costurile, iar clientul trebuie s\u0103 cear\u0103 o ofert\u0103 complet\u0103, nu doar un tarif general. O \u00eenchiriere corect\u0103 este aceea \u00een care \u0219tii de la \u00eenceput c\u00e2t pl\u0103te\u0219ti, ce prime\u0219ti \u0219i ce responsabilit\u0103\u021bi ai.<\/p>\n<h2 data-section-id=\"1yjof4m\" data-start=\"3353\" data-end=\"3406\">Bucure\u0219tiul, cea mai competitiv\u0103 pia\u021b\u0103 din Rom\u00e2nia<\/h2>\n<p data-start=\"3408\" data-end=\"3791\">Capitala este cea mai activ\u0103 pia\u021b\u0103 de rent a car din Rom\u00e2nia, mai ales datorit\u0103 aeroportului Henri Coand\u0103, traficului de business \u0219i num\u0103rului mare de turi\u0219ti. Cererea pentru <a href=\"https:\/\/pricecarz.com\"><strong data-start=\"3583\" data-end=\"3607\">rent a car in bucuresti<\/strong><\/a> este constant\u0103, iar oferta este foarte divers\u0103. Aici se \u00eent\u00e2lnesc companii interna\u021bionale, operatori locali cu flote mari \u0219i firme mici care \u00eencearc\u0103 s\u0103 concureze prin pre\u021buri reduse.<\/p>\n<p data-start=\"3793\" data-end=\"4286\">Comparativ cu ora\u0219ele vestice, Bucure\u0219tiul are avantajul unor tarife mai flexibile, dar \u0219i provocarea unei pie\u021be mai greu de filtrat pentru client. \u00centr-un ora\u0219 precum Viena, Milano sau M\u00fcnchen, serviciile sunt adesea mai uniformizate. \u00cen Bucure\u0219ti, experien\u021ba poate fi excelent\u0103 dac\u0103 alegi o companie profesionist\u0103, dar poate deveni nepl\u0103cut\u0103 dac\u0103 oferta nu este suficient de clar\u0103. Tocmai de aceea, verificarea recenziilor, a contractului \u0219i a condi\u021biilor de predare-preluare este esen\u021bial\u0103.<\/p>\n<h2 data-section-id=\"1byyztk\" data-start=\"4288\" data-end=\"4336\">Nivelul de digitalizare \u0219i rezerv\u0103rile online<\/h2>\n<p data-start=\"4338\" data-end=\"4851\">Pie\u021bele vestice sunt mai avansate \u00een ceea ce prive\u0219te rezerv\u0103rile complet digitale. Clientul poate alege ma\u0219ina, poate \u00eenc\u0103rca documentele, poate selecta asigur\u0103rile \u0219i poate primi confirmarea aproape instant. \u00cen Rom\u00e2nia, multe companii au f\u0103cut pa\u0219i importan\u021bi \u00een aceast\u0103 direc\u021bie, dar \u00eenc\u0103 exist\u0103 diferen\u021be \u00eentre operatori. Unele firme au platforme moderne, cu disponibilitate \u00een timp real \u0219i politici transparente, \u00een timp ce altele func\u021bioneaz\u0103 mai mult prin telefon, WhatsApp sau formulare simple de contact.<\/p>\n<p data-start=\"4853\" data-end=\"5248\">Aceast\u0103 abordare nu este neap\u0103rat negativ\u0103. Pentru mul\u021bi clien\u021bi, contactul direct cu un consultant poate fi util, mai ales atunci c\u00e2nd au \u00eentreb\u0103ri despre garan\u021bie, condi\u021bii de drum, predare la aeroport sau trasee \u00een afara ora\u0219ului. Totu\u0219i, pe termen lung, pia\u021ba din Rom\u00e2nia se va apropia tot mai mult de modelul vestic, unde claritatea online \u0219i confirmarea rapid\u0103 sunt deja standarde de baz\u0103.<\/p>\n<h2 data-section-id=\"w5nzv3\" data-start=\"5250\" data-end=\"5292\">Flotele auto \u0219i preferin\u021bele clien\u021bilor<\/h2>\n<p data-start=\"5294\" data-end=\"5676\">\u00cen Vest, flotele de rent a car includ tot mai multe ma\u0219ini hibride, electrice \u0219i modele cu dot\u0103ri moderne. Cererea pentru vehicule automate este ridicat\u0103, iar clien\u021bii sunt obi\u0219nui\u021bi cu o selec\u021bie mai larg\u0103 de categorii. \u00cen Rom\u00e2nia, ma\u0219inile economy, compacte \u0219i sedanurile accesibile r\u0103m\u00e2n foarte c\u0103utate, deoarece mul\u021bi clien\u021bi urm\u0103resc un echilibru \u00eentre pre\u021b, consum \u0219i confort.<\/p>\n<p data-start=\"5678\" data-end=\"6056\">Totu\u0219i, \u0219i aici se observ\u0103 o schimbare. Clien\u021bii corporate, turi\u0219tii str\u0103ini \u0219i familiile care planific\u0103 drumuri mai lungi caut\u0103 tot mai des ma\u0219ini automate, SUV-uri, modele spa\u021bioase sau vehicule mai noi. \u00cen ora\u0219e mari, diferen\u021ba dintre Rom\u00e2nia \u0219i pie\u021bele vestice \u00eencepe s\u0103 se reduc\u0103, mai ales \u00een cazul companiilor care investesc constant \u00een flot\u0103 \u0219i \u00een servicii mai flexibile.<\/p>\n<h2 data-section-id=\"1nc5zgm\" data-start=\"6058\" data-end=\"6104\">Garan\u021bia \u0219i asigur\u0103rile \u2013 un punct sensibil<\/h2>\n<p data-start=\"6106\" data-end=\"6486\">Una dintre cele mai mari diferen\u021be percepute de clien\u021bi \u021bine de garan\u021bie \u0219i asigur\u0103ri. \u00cen pie\u021bele vestice, blocarea unei garan\u021bii pe card este o practic\u0103 standard, iar clien\u021bii o accept\u0103 mai u\u0219or. \u00cen Rom\u00e2nia, acest aspect genereaz\u0103 mai multe \u00eentreb\u0103ri, mai ales atunci c\u00e2nd suma pare mare sau c\u00e2nd nu este explicat\u0103 suficient de clar. De aceea, comunicarea este foarte important\u0103.<\/p>\n<p data-start=\"6488\" data-end=\"6871\">Clientul trebuie s\u0103 \u00een\u021beleag\u0103 ce acoper\u0103 asigurarea inclus\u0103, ce presupune fran\u0219iza, c\u00e2nd se re\u021bine o sum\u0103 din garan\u021bie \u0219i \u00een ce condi\u021bii se returneaz\u0103 banii. O companie profesionist\u0103 nu ascunde aceste detalii, ci le prezint\u0103 \u00eenainte de semnarea contractului. \u00cen acest punct, pia\u021ba rom\u00e2neasc\u0103 are \u00eenc\u0103 loc de maturizare, dar operatorii serio\u0219i se aliniaz\u0103 deja la practicile europene.<\/p>\n<h2 data-section-id=\"1fsmf4i\" data-start=\"6873\" data-end=\"6923\">Flexibilitatea, un avantaj important \u00een Rom\u00e2nia<\/h2>\n<p data-start=\"6925\" data-end=\"7339\">Un avantaj real al pie\u021bei rom\u00e2ne\u0219ti este flexibilitatea. Multe companii locale pot adapta serviciile \u00een func\u021bie de nevoile clientului: livrare la hotel, preluare de la aeroport, predare \u00een alt\u0103 localitate, program extins sau solu\u021bii personalizate pentru perioade mai lungi. \u00cen Vest, procedurile pot fi mai rigide, mai ales la companiile mari, unde orice modificare trece prin sisteme automate \u0219i politici standard.<\/p>\n<p data-start=\"7341\" data-end=\"7621\">Pentru clien\u021bii care vor o experien\u021b\u0103 mai personal\u0103, Rom\u00e2nia poate oferi un avantaj clar. Important este ca aceast\u0103 flexibilitate s\u0103 fie sus\u021binut\u0103 de contracte clare, comunicare profesionist\u0103 \u0219i reguli bine definite. Altfel, avantajul se poate transforma \u00eentr-o surs\u0103 de confuzie.<\/p>\n<h2 data-section-id=\"1tssjxt\" data-start=\"7623\" data-end=\"7676\">Cum se maturizeaz\u0103 pia\u021ba de rent a car din Rom\u00e2nia<\/h2>\n<p data-start=\"7678\" data-end=\"8074\">Pia\u021ba rom\u00e2neasc\u0103 se afl\u0103 \u00eentr-o etap\u0103 de dezvoltare accelerat\u0103. Clien\u021bii sunt mai informa\u021bi, compar\u0103 mai mult, citesc recenzii \u0219i pun \u00eentreb\u0103ri \u00eenainte de rezervare. \u00cen acela\u0219i timp, companiile serioase \u00een\u021beleg c\u0103 nu mai este suficient s\u0103 afi\u0219eze un pre\u021b atractiv. Conteaz\u0103 transparen\u021ba, calitatea flotei, rapiditatea r\u0103spunsului, claritatea contractului \u0219i suportul oferit \u00een timpul \u00eenchirierii.<\/p>\n<p data-start=\"8076\" data-end=\"8631\" data-is-last-node=\"\" data-is-only-node=\"\">Comparativ cu pie\u021bele vestice, Rom\u00e2nia mai are diferen\u021be de standardizare, dar recupereaz\u0103 rapid prin servicii flexibile, pre\u021buri competitive \u0219i adaptare la nevoile reale ale clien\u021bilor. Pentru cine \u00eenchiriaz\u0103 o ma\u0219in\u0103, concluzia practic\u0103 este simpl\u0103: nu alege doar dup\u0103 pre\u021bul de pornire. Analizeaz\u0103 oferta complet\u0103, verific\u0103 politica de garan\u021bie, \u00eentreab\u0103 despre asigur\u0103ri \u0219i calculeaz\u0103 corect costurile finale. O experien\u021b\u0103 bun\u0103 de rent a car \u00eencepe \u00eentotdeauna cu informa\u021bii clare \u0219i cu o companie care pune transparen\u021ba \u00eenaintea promisiunilor rapide.<\/p>\n<\/div>\n<\/div>\n<\/div>\n<\/div>\n<div class=\"z-0 flex min-h-[46px] justify-start\"><\/div>\n<div class=\"mt-3 w-full empty:hidden\">\n<div class=\"text-center\">\n<div>\n<div class=\"inline-flex border border-gray-100 dark:border-gray-700 rounded-xl\">\n<div class=\"bg-token-main-surface-tertiary w-px flex-1 self-stretch\"><\/div>\n<\/div>\n<\/div>\n<\/div>\n<\/div>\n","protected":false},"excerpt":{"rendered":"<p>Pia\u021ba de rent a car din Rom\u00e2nia a crescut vizibil \u00een ultimii ani, mai ales \u00een ora\u0219ele mari, \u00een zonele turistice \u0219i \u00een jurul aeroporturilor. Bucure\u0219ti, Cluj-Napoca, Ia\u0219i, Timi\u0219oara, Bra\u0219ov sau Constan\u021ba au devenit puncte importante pentru \u00eenchirieri auto, at\u00e2t pentru turi\u0219ti str\u0103ini, c\u00e2t \u0219i pentru rom\u00e2nii care c\u0103l\u0103toresc \u00een interes personal sau profesional. Totu\u0219i, [&hellip;]<\/p>\n","protected":false},"author":1,"featured_media":2042,"comment_status":"closed","ping_status":"closed","sticky":false,"template":"","format":"standard","meta":{"footnotes":""},"categories":[304],"tags":[],"class_list":["post-2041","post","type-post","status-publish","format-standard","has-post-thumbnail","hentry","category-studii-si-analize"],"better_featured_image":{"id":2042,"alt_text":"rent a car Rom\u00e2nia","caption":"","description":"","media_type":"image","media_details":{"width":1672,"height":941,"file":"2026\/04\/897aa94a-6bde-4ea3-9eaf-6f6e8db84f2d.png","filesize":771266,"sizes":{"medium":{"file":"897aa94a-6bde-4ea3-9eaf-6f6e8db84f2d-300x169.png","width":300,"height":169,"mime-type":"image\/png","filesize":111087,"source_url":"https:\/\/pricecarz.com\/blog\/wp-content\/uploads\/2026\/04\/897aa94a-6bde-4ea3-9eaf-6f6e8db84f2d-300x169.png"},"large":{"file":"897aa94a-6bde-4ea3-9eaf-6f6e8db84f2d-1024x576.png","width":1024,"height":576,"mime-type":"image\/png","filesize":1086955,"source_url":"https:\/\/pricecarz.com\/blog\/wp-content\/uploads\/2026\/04\/897aa94a-6bde-4ea3-9eaf-6f6e8db84f2d-1024x576.png"},"thumbnail":{"file":"897aa94a-6bde-4ea3-9eaf-6f6e8db84f2d-150x150.png","width":150,"height":150,"mime-type":"image\/png","filesize":49543,"source_url":"https:\/\/pricecarz.com\/blog\/wp-content\/uploads\/2026\/04\/897aa94a-6bde-4ea3-9eaf-6f6e8db84f2d-150x150.png"},"medium_large":{"file":"897aa94a-6bde-4ea3-9eaf-6f6e8db84f2d-768x432.png","width":768,"height":432,"mime-type":"image\/png","filesize":633820,"source_url":"https:\/\/pricecarz.com\/blog\/wp-content\/uploads\/2026\/04\/897aa94a-6bde-4ea3-9eaf-6f6e8db84f2d-768x432.png"},"1536x1536":{"file":"897aa94a-6bde-4ea3-9eaf-6f6e8db84f2d-1536x864.png","width":1536,"height":864,"mime-type":"image\/png","filesize":2303774,"source_url":"https:\/\/pricecarz.com\/blog\/wp-content\/uploads\/2026\/04\/897aa94a-6bde-4ea3-9eaf-6f6e8db84f2d-1536x864.png"}},"image_meta":{"aperture":"0","credit":"","camera":"","caption":"","created_timestamp":"0","copyright":"","focal_length":"0","iso":"0","shutter_speed":"0","title":"","orientation":"0","keywords":[]}},"post":2041,"source_url":"https:\/\/pricecarz.com\/blog\/wp-content\/uploads\/2026\/04\/897aa94a-6bde-4ea3-9eaf-6f6e8db84f2d.png"},"yoast_head":"<!-- This site is optimized with the Yoast SEO plugin v27.5 - https:\/\/yoast.com\/product\/yoast-seo-wordpress\/ -->\n<title>Rent a car Rom\u00e2nia \u2013 compara\u021bie cu pie\u021bele vestice | Price Carz<\/title>\n<meta name=\"description\" content=\"Afl\u0103 cum difer\u0103 pia\u021ba rent a car din Rom\u00e2nia fa\u021b\u0103 de Vest: pre\u021buri, garan\u021bii, servicii, transparen\u021b\u0103 \u0219i costuri reale de \u00eenchiriere\" \/>\n<meta name=\"robots\" content=\"index, follow, max-snippet:-1, max-image-preview:large, max-video-preview:-1\" \/>\n<link rel=\"canonical\" href=\"https:\/\/pricecarz.com\/blog\/rent-a-car-romania-comparatie-cu-pietele-vestice\/\" \/>\n<meta property=\"og:locale\" content=\"ro_RO\" \/>\n<meta property=\"og:type\" content=\"article\" \/>\n<meta property=\"og:title\" content=\"Rent a car Rom\u00e2nia \u2013 compara\u021bie cu pie\u021bele vestice | Price Carz\" \/>\n<meta property=\"og:description\" content=\"Afl\u0103 cum difer\u0103 pia\u021ba rent a car din Rom\u00e2nia fa\u021b\u0103 de Vest: pre\u021buri, garan\u021bii, servicii, transparen\u021b\u0103 \u0219i costuri reale de \u00eenchiriere\" \/>\n<meta property=\"og:url\" content=\"https:\/\/pricecarz.com\/blog\/rent-a-car-romania-comparatie-cu-pietele-vestice\/\" \/>\n<meta property=\"og:site_name\" content=\"PriceCarz - News\" \/>\n<meta property=\"article:publisher\" content=\"https:\/\/www.facebook.com\/pricecarzro\/\" \/>\n<meta property=\"article:published_time\" content=\"2026-04-27T05:38:45+00:00\" \/>\n<meta property=\"article:modified_time\" content=\"2026-04-28T05:48:25+00:00\" \/>\n<meta property=\"og:image\" content=\"https:\/\/pricecarz.com\/blog\/wp-content\/uploads\/2026\/04\/897aa94a-6bde-4ea3-9eaf-6f6e8db84f2d.png\" \/>\n\t<meta property=\"og:image:width\" content=\"1672\" \/>\n\t<meta property=\"og:image:height\" content=\"941\" \/>\n\t<meta property=\"og:image:type\" content=\"image\/png\" \/>\n<meta name=\"author\" content=\"PriceCarz\" \/>\n<meta name=\"twitter:card\" content=\"summary_large_image\" \/>\n<meta name=\"twitter:label1\" content=\"Scris de\" \/>\n\t<meta name=\"twitter:data1\" content=\"PriceCarz\" \/>\n\t<meta name=\"twitter:label2\" content=\"Timp estimat pentru citire\" \/>\n\t<meta name=\"twitter:data2\" content=\"8 minute\" \/>\n<script type=\"application\/ld+json\" class=\"yoast-schema-graph\">{\"@context\":\"https:\\\/\\\/schema.org\",\"@graph\":[{\"@type\":\"Article\",\"@id\":\"https:\\\/\\\/pricecarz.com\\\/blog\\\/rent-a-car-romania-comparatie-cu-pietele-vestice\\\/#article\",\"isPartOf\":{\"@id\":\"https:\\\/\\\/pricecarz.com\\\/blog\\\/rent-a-car-romania-comparatie-cu-pietele-vestice\\\/\"},\"author\":{\"name\":\"PriceCarz\",\"@id\":\"https:\\\/\\\/pricecarz.com\\\/blog\\\/#\\\/schema\\\/person\\\/e06ce7cec48ca5e9143baad0b1d7f1a3\"},\"headline\":\"Rent a car Rom\u00e2nia \u2013 compara\u021bie cu pie\u021bele vestice\",\"datePublished\":\"2026-04-27T05:38:45+00:00\",\"dateModified\":\"2026-04-28T05:48:25+00:00\",\"mainEntityOfPage\":{\"@id\":\"https:\\\/\\\/pricecarz.com\\\/blog\\\/rent-a-car-romania-comparatie-cu-pietele-vestice\\\/\"},\"wordCount\":1496,\"publisher\":{\"@id\":\"https:\\\/\\\/pricecarz.com\\\/blog\\\/#organization\"},\"image\":{\"@id\":\"https:\\\/\\\/pricecarz.com\\\/blog\\\/rent-a-car-romania-comparatie-cu-pietele-vestice\\\/#primaryimage\"},\"thumbnailUrl\":\"https:\\\/\\\/pricecarz.com\\\/blog\\\/wp-content\\\/uploads\\\/2026\\\/04\\\/897aa94a-6bde-4ea3-9eaf-6f6e8db84f2d.png\",\"articleSection\":[\"Studii si analize\"],\"inLanguage\":\"ro-RO\"},{\"@type\":\"WebPage\",\"@id\":\"https:\\\/\\\/pricecarz.com\\\/blog\\\/rent-a-car-romania-comparatie-cu-pietele-vestice\\\/\",\"url\":\"https:\\\/\\\/pricecarz.com\\\/blog\\\/rent-a-car-romania-comparatie-cu-pietele-vestice\\\/\",\"name\":\"Rent a car Rom\u00e2nia \u2013 compara\u021bie cu pie\u021bele vestice | Price Carz\",\"isPartOf\":{\"@id\":\"https:\\\/\\\/pricecarz.com\\\/blog\\\/#website\"},\"primaryImageOfPage\":{\"@id\":\"https:\\\/\\\/pricecarz.com\\\/blog\\\/rent-a-car-romania-comparatie-cu-pietele-vestice\\\/#primaryimage\"},\"image\":{\"@id\":\"https:\\\/\\\/pricecarz.com\\\/blog\\\/rent-a-car-romania-comparatie-cu-pietele-vestice\\\/#primaryimage\"},\"thumbnailUrl\":\"https:\\\/\\\/pricecarz.com\\\/blog\\\/wp-content\\\/uploads\\\/2026\\\/04\\\/897aa94a-6bde-4ea3-9eaf-6f6e8db84f2d.png\",\"datePublished\":\"2026-04-27T05:38:45+00:00\",\"dateModified\":\"2026-04-28T05:48:25+00:00\",\"description\":\"Afl\u0103 cum difer\u0103 pia\u021ba rent a car din Rom\u00e2nia fa\u021b\u0103 de Vest: pre\u021buri, garan\u021bii, servicii, transparen\u021b\u0103 \u0219i costuri reale de \u00eenchiriere\",\"breadcrumb\":{\"@id\":\"https:\\\/\\\/pricecarz.com\\\/blog\\\/rent-a-car-romania-comparatie-cu-pietele-vestice\\\/#breadcrumb\"},\"inLanguage\":\"ro-RO\",\"potentialAction\":[{\"@type\":\"ReadAction\",\"target\":[\"https:\\\/\\\/pricecarz.com\\\/blog\\\/rent-a-car-romania-comparatie-cu-pietele-vestice\\\/\"]}]},{\"@type\":\"ImageObject\",\"inLanguage\":\"ro-RO\",\"@id\":\"https:\\\/\\\/pricecarz.com\\\/blog\\\/rent-a-car-romania-comparatie-cu-pietele-vestice\\\/#primaryimage\",\"url\":\"https:\\\/\\\/pricecarz.com\\\/blog\\\/wp-content\\\/uploads\\\/2026\\\/04\\\/897aa94a-6bde-4ea3-9eaf-6f6e8db84f2d.png\",\"contentUrl\":\"https:\\\/\\\/pricecarz.com\\\/blog\\\/wp-content\\\/uploads\\\/2026\\\/04\\\/897aa94a-6bde-4ea3-9eaf-6f6e8db84f2d.png\",\"width\":1672,\"height\":941,\"caption\":\"rent a car Rom\u00e2nia\"},{\"@type\":\"BreadcrumbList\",\"@id\":\"https:\\\/\\\/pricecarz.com\\\/blog\\\/rent-a-car-romania-comparatie-cu-pietele-vestice\\\/#breadcrumb\",\"itemListElement\":[{\"@type\":\"ListItem\",\"position\":1,\"name\":\"Prima pagin\u0103\",\"item\":\"https:\\\/\\\/pricecarz.com\\\/blog\\\/\"},{\"@type\":\"ListItem\",\"position\":2,\"name\":\"Rent a car Rom\u00e2nia \u2013 compara\u021bie cu pie\u021bele vestice\"}]},{\"@type\":\"WebSite\",\"@id\":\"https:\\\/\\\/pricecarz.com\\\/blog\\\/#website\",\"url\":\"https:\\\/\\\/pricecarz.com\\\/blog\\\/\",\"name\":\"PriceCarz - Inchirieri auto romania. Rent a Car Otopeni, Sibiu, Timisoara, Cluj Napoca, Iasi\",\"description\":\"\u00cenchiriaz\u0103 ma\u0219ina potrivit\u0103 pentru tine\",\"publisher\":{\"@id\":\"https:\\\/\\\/pricecarz.com\\\/blog\\\/#organization\"},\"alternateName\":\"Rent a Car Romania\",\"potentialAction\":[{\"@type\":\"SearchAction\",\"target\":{\"@type\":\"EntryPoint\",\"urlTemplate\":\"https:\\\/\\\/pricecarz.com\\\/blog\\\/?s={search_term_string}\"},\"query-input\":{\"@type\":\"PropertyValueSpecification\",\"valueRequired\":true,\"valueName\":\"search_term_string\"}}],\"inLanguage\":\"ro-RO\"},{\"@type\":\"Organization\",\"@id\":\"https:\\\/\\\/pricecarz.com\\\/blog\\\/#organization\",\"name\":\"PriceCarz - Inchirieri auto romania. Rent a Car Otopeni, Sibiu, Timisoara, Cluj Napoca, Iasi\",\"url\":\"https:\\\/\\\/pricecarz.com\\\/blog\\\/\",\"logo\":{\"@type\":\"ImageObject\",\"inLanguage\":\"ro-RO\",\"@id\":\"https:\\\/\\\/pricecarz.com\\\/blog\\\/#\\\/schema\\\/logo\\\/image\\\/\",\"url\":\"https:\\\/\\\/pricecarz.com\\\/blog\\\/wp-content\\\/uploads\\\/2022\\\/11\\\/cropped-pricecarzfavicon.png\",\"contentUrl\":\"https:\\\/\\\/pricecarz.com\\\/blog\\\/wp-content\\\/uploads\\\/2022\\\/11\\\/cropped-pricecarzfavicon.png\",\"width\":512,\"height\":512,\"caption\":\"PriceCarz - Inchirieri auto romania. Rent a Car Otopeni, Sibiu, Timisoara, Cluj Napoca, Iasi\"},\"image\":{\"@id\":\"https:\\\/\\\/pricecarz.com\\\/blog\\\/#\\\/schema\\\/logo\\\/image\\\/\"},\"sameAs\":[\"https:\\\/\\\/www.facebook.com\\\/pricecarzro\\\/\",\"https:\\\/\\\/www.tiktok.com\\\/@pricecarz\",\"https:\\\/\\\/linkedin.com\\\/in\\\/price-carz-3198ab24a\",\"https:\\\/\\\/www.youtube.com\\\/@Pricecarz\",\"https:\\\/\\\/www.instagram.com\\\/price.carz\\\/\"]},{\"@type\":\"Person\",\"@id\":\"https:\\\/\\\/pricecarz.com\\\/blog\\\/#\\\/schema\\\/person\\\/e06ce7cec48ca5e9143baad0b1d7f1a3\",\"name\":\"PriceCarz\",\"image\":{\"@type\":\"ImageObject\",\"inLanguage\":\"ro-RO\",\"@id\":\"https:\\\/\\\/secure.gravatar.com\\\/avatar\\\/2d8861120a5e9117f964b256ce8539af85ece08559d68a5266188a17bd0dfac9?s=96&d=mm&r=g\",\"url\":\"https:\\\/\\\/secure.gravatar.com\\\/avatar\\\/2d8861120a5e9117f964b256ce8539af85ece08559d68a5266188a17bd0dfac9?s=96&d=mm&r=g\",\"contentUrl\":\"https:\\\/\\\/secure.gravatar.com\\\/avatar\\\/2d8861120a5e9117f964b256ce8539af85ece08559d68a5266188a17bd0dfac9?s=96&d=mm&r=g\",\"caption\":\"PriceCarz\"},\"sameAs\":[\"https:\\\/\\\/pricecarz.com\\\/blog\"]}]}<\/script>\n<!-- \/ Yoast SEO plugin. -->","yoast_head_json":{"title":"Rent a car Rom\u00e2nia \u2013 compara\u021bie cu pie\u021bele vestice | Price Carz","description":"Afl\u0103 cum difer\u0103 pia\u021ba rent a car din Rom\u00e2nia fa\u021b\u0103 de Vest: pre\u021buri, garan\u021bii, servicii, transparen\u021b\u0103 \u0219i costuri reale de \u00eenchiriere","robots":{"index":"index","follow":"follow","max-snippet":"max-snippet:-1","max-image-preview":"max-image-preview:large","max-video-preview":"max-video-preview:-1"},"canonical":"https:\/\/pricecarz.com\/blog\/rent-a-car-romania-comparatie-cu-pietele-vestice\/","og_locale":"ro_RO","og_type":"article","og_title":"Rent a car Rom\u00e2nia \u2013 compara\u021bie cu pie\u021bele vestice | Price Carz","og_description":"Afl\u0103 cum difer\u0103 pia\u021ba rent a car din Rom\u00e2nia fa\u021b\u0103 de Vest: pre\u021buri, garan\u021bii, servicii, transparen\u021b\u0103 \u0219i costuri reale de \u00eenchiriere","og_url":"https:\/\/pricecarz.com\/blog\/rent-a-car-romania-comparatie-cu-pietele-vestice\/","og_site_name":"PriceCarz - News","article_publisher":"https:\/\/www.facebook.com\/pricecarzro\/","article_published_time":"2026-04-27T05:38:45+00:00","article_modified_time":"2026-04-28T05:48:25+00:00","og_image":[{"width":1672,"height":941,"url":"https:\/\/pricecarz.com\/blog\/wp-content\/uploads\/2026\/04\/897aa94a-6bde-4ea3-9eaf-6f6e8db84f2d.png","type":"image\/png"}],"author":"PriceCarz","twitter_card":"summary_large_image","twitter_misc":{"Scris de":"PriceCarz","Timp estimat pentru citire":"8 minute"},"schema":{"@context":"https:\/\/schema.org","@graph":[{"@type":"Article","@id":"https:\/\/pricecarz.com\/blog\/rent-a-car-romania-comparatie-cu-pietele-vestice\/#article","isPartOf":{"@id":"https:\/\/pricecarz.com\/blog\/rent-a-car-romania-comparatie-cu-pietele-vestice\/"},"author":{"name":"PriceCarz","@id":"https:\/\/pricecarz.com\/blog\/#\/schema\/person\/e06ce7cec48ca5e9143baad0b1d7f1a3"},"headline":"Rent a car Rom\u00e2nia \u2013 compara\u021bie cu pie\u021bele vestice","datePublished":"2026-04-27T05:38:45+00:00","dateModified":"2026-04-28T05:48:25+00:00","mainEntityOfPage":{"@id":"https:\/\/pricecarz.com\/blog\/rent-a-car-romania-comparatie-cu-pietele-vestice\/"},"wordCount":1496,"publisher":{"@id":"https:\/\/pricecarz.com\/blog\/#organization"},"image":{"@id":"https:\/\/pricecarz.com\/blog\/rent-a-car-romania-comparatie-cu-pietele-vestice\/#primaryimage"},"thumbnailUrl":"https:\/\/pricecarz.com\/blog\/wp-content\/uploads\/2026\/04\/897aa94a-6bde-4ea3-9eaf-6f6e8db84f2d.png","articleSection":["Studii si analize"],"inLanguage":"ro-RO"},{"@type":"WebPage","@id":"https:\/\/pricecarz.com\/blog\/rent-a-car-romania-comparatie-cu-pietele-vestice\/","url":"https:\/\/pricecarz.com\/blog\/rent-a-car-romania-comparatie-cu-pietele-vestice\/","name":"Rent a car Rom\u00e2nia \u2013 compara\u021bie cu pie\u021bele vestice | Price Carz","isPartOf":{"@id":"https:\/\/pricecarz.com\/blog\/#website"},"primaryImageOfPage":{"@id":"https:\/\/pricecarz.com\/blog\/rent-a-car-romania-comparatie-cu-pietele-vestice\/#primaryimage"},"image":{"@id":"https:\/\/pricecarz.com\/blog\/rent-a-car-romania-comparatie-cu-pietele-vestice\/#primaryimage"},"thumbnailUrl":"https:\/\/pricecarz.com\/blog\/wp-content\/uploads\/2026\/04\/897aa94a-6bde-4ea3-9eaf-6f6e8db84f2d.png","datePublished":"2026-04-27T05:38:45+00:00","dateModified":"2026-04-28T05:48:25+00:00","description":"Afl\u0103 cum difer\u0103 pia\u021ba rent a car din Rom\u00e2nia fa\u021b\u0103 de Vest: pre\u021buri, garan\u021bii, servicii, transparen\u021b\u0103 \u0219i costuri reale de \u00eenchiriere","breadcrumb":{"@id":"https:\/\/pricecarz.com\/blog\/rent-a-car-romania-comparatie-cu-pietele-vestice\/#breadcrumb"},"inLanguage":"ro-RO","potentialAction":[{"@type":"ReadAction","target":["https:\/\/pricecarz.com\/blog\/rent-a-car-romania-comparatie-cu-pietele-vestice\/"]}]},{"@type":"ImageObject","inLanguage":"ro-RO","@id":"https:\/\/pricecarz.com\/blog\/rent-a-car-romania-comparatie-cu-pietele-vestice\/#primaryimage","url":"https:\/\/pricecarz.com\/blog\/wp-content\/uploads\/2026\/04\/897aa94a-6bde-4ea3-9eaf-6f6e8db84f2d.png","contentUrl":"https:\/\/pricecarz.com\/blog\/wp-content\/uploads\/2026\/04\/897aa94a-6bde-4ea3-9eaf-6f6e8db84f2d.png","width":1672,"height":941,"caption":"rent a car Rom\u00e2nia"},{"@type":"BreadcrumbList","@id":"https:\/\/pricecarz.com\/blog\/rent-a-car-romania-comparatie-cu-pietele-vestice\/#breadcrumb","itemListElement":[{"@type":"ListItem","position":1,"name":"Prima pagin\u0103","item":"https:\/\/pricecarz.com\/blog\/"},{"@type":"ListItem","position":2,"name":"Rent a car Rom\u00e2nia \u2013 compara\u021bie cu pie\u021bele vestice"}]},{"@type":"WebSite","@id":"https:\/\/pricecarz.com\/blog\/#website","url":"https:\/\/pricecarz.com\/blog\/","name":"PriceCarz - Inchirieri auto romania. Rent a Car Otopeni, Sibiu, Timisoara, Cluj Napoca, Iasi","description":"\u00cenchiriaz\u0103 ma\u0219ina potrivit\u0103 pentru tine","publisher":{"@id":"https:\/\/pricecarz.com\/blog\/#organization"},"alternateName":"Rent a Car Romania","potentialAction":[{"@type":"SearchAction","target":{"@type":"EntryPoint","urlTemplate":"https:\/\/pricecarz.com\/blog\/?s={search_term_string}"},"query-input":{"@type":"PropertyValueSpecification","valueRequired":true,"valueName":"search_term_string"}}],"inLanguage":"ro-RO"},{"@type":"Organization","@id":"https:\/\/pricecarz.com\/blog\/#organization","name":"PriceCarz - Inchirieri auto romania. Rent a Car Otopeni, Sibiu, Timisoara, Cluj Napoca, Iasi","url":"https:\/\/pricecarz.com\/blog\/","logo":{"@type":"ImageObject","inLanguage":"ro-RO","@id":"https:\/\/pricecarz.com\/blog\/#\/schema\/logo\/image\/","url":"https:\/\/pricecarz.com\/blog\/wp-content\/uploads\/2022\/11\/cropped-pricecarzfavicon.png","contentUrl":"https:\/\/pricecarz.com\/blog\/wp-content\/uploads\/2022\/11\/cropped-pricecarzfavicon.png","width":512,"height":512,"caption":"PriceCarz - Inchirieri auto romania. Rent a Car Otopeni, Sibiu, Timisoara, Cluj Napoca, Iasi"},"image":{"@id":"https:\/\/pricecarz.com\/blog\/#\/schema\/logo\/image\/"},"sameAs":["https:\/\/www.facebook.com\/pricecarzro\/","https:\/\/www.tiktok.com\/@pricecarz","https:\/\/linkedin.com\/in\/price-carz-3198ab24a","https:\/\/www.youtube.com\/@Pricecarz","https:\/\/www.instagram.com\/price.carz\/"]},{"@type":"Person","@id":"https:\/\/pricecarz.com\/blog\/#\/schema\/person\/e06ce7cec48ca5e9143baad0b1d7f1a3","name":"PriceCarz","image":{"@type":"ImageObject","inLanguage":"ro-RO","@id":"https:\/\/secure.gravatar.com\/avatar\/2d8861120a5e9117f964b256ce8539af85ece08559d68a5266188a17bd0dfac9?s=96&d=mm&r=g","url":"https:\/\/secure.gravatar.com\/avatar\/2d8861120a5e9117f964b256ce8539af85ece08559d68a5266188a17bd0dfac9?s=96&d=mm&r=g","contentUrl":"https:\/\/secure.gravatar.com\/avatar\/2d8861120a5e9117f964b256ce8539af85ece08559d68a5266188a17bd0dfac9?s=96&d=mm&r=g","caption":"PriceCarz"},"sameAs":["https:\/\/pricecarz.com\/blog"]}]}},"_links":{"self":[{"href":"https:\/\/pricecarz.com\/blog\/wp-json\/wp\/v2\/posts\/2041","targetHints":{"allow":["GET"]}}],"collection":[{"href":"https:\/\/pricecarz.com\/blog\/wp-json\/wp\/v2\/posts"}],"about":[{"href":"https:\/\/pricecarz.com\/blog\/wp-json\/wp\/v2\/types\/post"}],"author":[{"embeddable":true,"href":"https:\/\/pricecarz.com\/blog\/wp-json\/wp\/v2\/users\/1"}],"replies":[{"embeddable":true,"href":"https:\/\/pricecarz.com\/blog\/wp-json\/wp\/v2\/comments?post=2041"}],"version-history":[{"count":1,"href":"https:\/\/pricecarz.com\/blog\/wp-json\/wp\/v2\/posts\/2041\/revisions"}],"predecessor-version":[{"id":2044,"href":"https:\/\/pricecarz.com\/blog\/wp-json\/wp\/v2\/posts\/2041\/revisions\/2044"}],"wp:featuredmedia":[{"embeddable":true,"href":"https:\/\/pricecarz.com\/blog\/wp-json\/wp\/v2\/media\/2042"}],"wp:attachment":[{"href":"https:\/\/pricecarz.com\/blog\/wp-json\/wp\/v2\/media?parent=2041"}],"wp:term":[{"taxonomy":"category","embeddable":true,"href":"https:\/\/pricecarz.com\/blog\/wp-json\/wp\/v2\/categories?post=2041"},{"taxonomy":"post_tag","embeddable":true,"href":"https:\/\/pricecarz.com\/blog\/wp-json\/wp\/v2\/tags?post=2041"}],"curies":[{"name":"wp","href":"https:\/\/api.w.org\/{rel}","templated":true}]}}