{"id":2027,"date":"2026-04-22T06:22:35","date_gmt":"2026-04-22T06:22:35","guid":{"rendered":"https:\/\/pricecarz.com\/blog\/?p=2027"},"modified":"2026-04-22T06:22:35","modified_gmt":"2026-04-22T06:22:35","slug":"cresterea-numarului-de-turisti-interni-favorizeaza-inchirierile-locale","status":"publish","type":"post","link":"https:\/\/pricecarz.com\/blog\/cresterea-numarului-de-turisti-interni-favorizeaza-inchirierile-locale\/","title":{"rendered":"Cre\u0219terea num\u0103rului de turi\u0219ti interni favorizeaz\u0103 \u00eenchirierile locale"},"content":{"rendered":"<p data-start=\"76\" data-end=\"592\">\u00cen ultimii ani, turismul intern a cunoscut o evolu\u021bie vizibil\u0103, iar aceast\u0103 tendin\u021b\u0103 continu\u0103 s\u0103 se consolideze pe fondul schimb\u0103rilor din comportamentul de consum \u0219i al preferin\u021belor de c\u0103l\u0103torie. Tot mai mul\u021bi rom\u00e2ni aleg s\u0103 exploreze destina\u021bii din \u021bar\u0103, fie din dorin\u021ba de flexibilitate, fie pentru un control mai bun asupra costurilor. Aceast\u0103 orientare c\u0103tre deplas\u0103ri interne genereaz\u0103 efecte directe asupra unor industrii conexe, iar segmentul de \u00eenchirieri auto locale se num\u0103r\u0103 printre cele mai avantajate.<\/p>\n<p data-start=\"594\" data-end=\"1093\">Pe m\u0103sur\u0103 ce interesul pentru destina\u021bii locale cre\u0219te, mobilitatea devine un factor esen\u021bial \u00een planificarea oric\u0103rei c\u0103l\u0103torii. Accesul facil la mijloace de transport flexibile permite turi\u0219tilor s\u0103 \u00ee\u0219i personalizeze experien\u021ba \u0219i s\u0103 ajung\u0103 \u00een zone mai pu\u021bin accesibile prin transportul public. \u00cen acest context, serviciile oferite de diferite companii din domeniu devin o solu\u021bie practic\u0103, mai ales pentru cei care doresc s\u0103 evite limit\u0103rile orarelor fixe sau aglomera\u021bia specific\u0103 anumitor rute.<\/p>\n<h3 data-section-id=\"3ava5h\" data-start=\"1095\" data-end=\"1144\">Mobilitatea, element-cheie \u00een turismul intern<\/h3>\n<p data-start=\"1146\" data-end=\"1613\">Cre\u0219terea cererii pentru vacan\u021be \u00een interiorul \u021b\u0103rii aduce \u00een prim-plan nevoia de mobilitate eficient\u0103. De la city break-uri \u00een ora\u0219e istorice p\u00e2n\u0103 la escapade \u00een zone montane sau rurale, turi\u0219tii caut\u0103 solu\u021bii rapide \u0219i adaptabile. \u00cen acest sens, apelarea la serviciile oferite de diferite <a href=\"https:\/\/pricecarz.com\/\"><strong data-start=\"1437\" data-end=\"1468\">companii de \u00eenchirieri auto<\/strong><\/a> devine o alegere tot mai frecvent\u0103, deoarece ofer\u0103 libertatea de a construi trasee personalizate \u0219i de a evita dependen\u021ba de transportul public.<\/p>\n<p data-start=\"1615\" data-end=\"1951\">Aceast\u0103 flexibilitate este important\u0103 mai ales \u00een contextul \u00een care multe destina\u021bii turistice din Rom\u00e2nia nu sunt complet conectate prin infrastructur\u0103 feroviar\u0103 sau rutier\u0103 optimizat\u0103. Astfel, \u00eenchirierea unei ma\u0219ini nu mai este perceput\u0103 ca un serviciu exclusiv pentru turi\u0219tii str\u0103ini, ci ca o op\u021biune fireasc\u0103 \u0219i pentru cei locali.<\/p>\n<h3 data-section-id=\"wcc2o9\" data-start=\"1953\" data-end=\"1994\">Schimbarea comportamentului de consum<\/h3>\n<p data-start=\"1996\" data-end=\"2439\">Un alt factor care contribuie la dezvoltarea acestui segment este schimbarea modului \u00een care turi\u0219tii \u00ee\u0219i organizeaz\u0103 vacan\u021bele. Dac\u0103 \u00een trecut planificarea se f\u0103cea pe termen lung \u0219i implica pachete turistice fixe, \u00een prezent se observ\u0103 o orientare c\u0103tre rezerv\u0103ri rapide, adaptate contextului actual. Aceast\u0103 flexibilitate favorizeaz\u0103 servicii precum \u00eenchirierile auto, care pot fi accesate u\u0219or \u0219i integrate rapid \u00eentr-un plan de c\u0103l\u0103torie.<\/p>\n<p data-start=\"2441\" data-end=\"2809\">\u00cen plus, digitalizarea proceselor de rezervare a contribuit semnificativ la cre\u0219terea accesibilit\u0103\u021bii acestor servicii. Platformele online permit compararea ofertelor, selectarea rapid\u0103 a tipului de vehicul \u0219i finalizarea rezerv\u0103rii \u00een doar c\u00e2teva minute. Pentru turi\u0219ti, acest lucru \u00eenseamn\u0103 mai pu\u021bin timp pierdut \u0219i mai mult control asupra experien\u021bei de c\u0103l\u0103torie.<\/p>\n<h3 data-section-id=\"ginhbu\" data-start=\"2811\" data-end=\"2844\">Impactul asupra pie\u021bei locale<\/h3>\n<p data-start=\"2846\" data-end=\"3150\">Cre\u0219terea num\u0103rului de turi\u0219ti interni are un impact direct asupra pie\u021bei locale de \u00eenchirieri auto, care devine din ce \u00een ce mai competitiv\u0103. Operatorii sunt nevoi\u021bi s\u0103 \u00ee\u0219i adapteze oferta, s\u0103 diversifice flota \u0219i s\u0103 \u00eembun\u0103t\u0103\u021beasc\u0103 serviciile pentru a r\u0103spunde cerin\u021belor tot mai variate ale clien\u021bilor.<\/p>\n<p data-start=\"3152\" data-end=\"3424\">\u00cen acela\u0219i timp, aceast\u0103 competi\u021bie genereaz\u0103 beneficii pentru utilizatori, prin pre\u021buri mai echilibrate \u0219i servicii mai bine optimizate. Apari\u021bia unor oferte adaptate pentru perioade scurte, weekend-uri sau c\u0103l\u0103torii tematice reflect\u0103 aceast\u0103 adaptare continu\u0103 la cerere.<\/p>\n<p data-start=\"3426\" data-end=\"3745\">De asemenea, \u00een ora\u0219e precum Ia\u0219i, Cluj-Napoca sau Bra\u0219ov, unde fluxul de turi\u0219ti interni este \u00een cre\u0219tere, serviciile de \u00eenchirieri auto devin parte integrant\u0103 a ecosistemului turistic. Ele completeaz\u0103 oferta de cazare \u0219i activit\u0103\u021bi, contribuind la o experien\u021b\u0103 mai coerent\u0103 \u0219i mai u\u0219or de gestionat pentru vizitatori.<\/p>\n<h3 data-section-id=\"1rs9ucb\" data-start=\"3747\" data-end=\"3776\">Avantajele pentru turi\u0219ti<\/h3>\n<p data-start=\"3778\" data-end=\"4070\">Pentru cei care aleg s\u0103 c\u0103l\u0103toreasc\u0103 \u00een \u021bar\u0103, avantajele sunt evidente. \u00cenchirierea unei ma\u0219ini ofer\u0103 independen\u021b\u0103, confort \u0219i posibilitatea de a descoperi destina\u021bii mai pu\u021bin cunoscute. \u00cen plus, turi\u0219tii pot adapta traseul \u00een func\u021bie de preferin\u021be, f\u0103r\u0103 a fi constr\u00e2n\u0219i de un program rigid.<\/p>\n<p data-start=\"4072\" data-end=\"4339\">Aceast\u0103 libertate este cu at\u00e2t mai important\u0103 \u00een cazul vacan\u021belor de tip road trip, care au devenit tot mai populare \u00een ultimii ani. Rom\u00e2nia ofer\u0103 numeroase trasee spectaculoase, iar accesul la o ma\u0219in\u0103 permite valorificarea acestor oportunit\u0103\u021bi \u00eentr-un mod eficient.<\/p>\n<p data-start=\"4341\" data-end=\"4542\">Totodat\u0103, pentru grupuri sau familii, costurile pot deveni mai avantajoase comparativ cu alte op\u021biuni de transport, mai ales atunci c\u00e2nd se iau \u00een calcul beneficiile legate de confort \u0219i flexibilitate.<\/p>\n<h3 data-section-id=\"1d3s61z\" data-start=\"4544\" data-end=\"4573\">Perspective de dezvoltare<\/h3>\n<p data-start=\"4575\" data-end=\"4925\">Tendin\u021ba de cre\u0219tere a turismului intern nu pare s\u0103 \u00eencetineasc\u0103, iar acest lucru ofer\u0103 perspective solide pentru dezvoltarea pie\u021bei de \u00eenchirieri auto locale. Pe termen mediu \u0219i lung, este de a\u0219teptat ca operatorii s\u0103 investeasc\u0103 \u00een diversificarea flotei, inclusiv prin introducerea vehiculelor electrice sau hibride, \u00een linie cu tendin\u021bele globale.<\/p>\n<p data-start=\"4927\" data-end=\"5150\">\u00cen acela\u0219i timp, accentul pe experien\u021ba utilizatorului va continua s\u0103 joace un rol important. Procesele simplificate, transparen\u021ba costurilor \u0219i suportul oferit clien\u021bilor devin criterii esen\u021biale \u00een alegerea unui furnizor.<\/p>\n<p data-start=\"5152\" data-end=\"5585\" data-is-last-node=\"\" data-is-only-node=\"\">\u00cen final, cre\u0219terea num\u0103rului de turi\u0219ti interni nu doar c\u0103 sus\u021bine dezvoltarea serviciilor de mobilitate, ci contribuie \u0219i la consolidarea unei pie\u021be locale mai dinamice \u0219i mai bine adaptate nevoilor actuale. \u00cen acest context, solu\u021biile oferite de operatori precum <a href=\"https:\/\/pricecarz.com\/\"><strong data-start=\"5418\" data-end=\"5431\">PriceCarz<\/strong><\/a> se integreaz\u0103 natural \u00een noile obiceiuri de c\u0103l\u0103torie, oferind alternative practice pentru cei care \u00ee\u0219i doresc libertate \u0219i eficien\u021b\u0103 \u00een deplas\u0103rile lor.<\/p>\n","protected":false},"excerpt":{"rendered":"<p>\u00cen ultimii ani, turismul intern a cunoscut o evolu\u021bie vizibil\u0103, iar aceast\u0103 tendin\u021b\u0103 continu\u0103 s\u0103 se consolideze pe fondul schimb\u0103rilor din comportamentul de consum \u0219i al preferin\u021belor de c\u0103l\u0103torie. Tot mai mul\u021bi rom\u00e2ni aleg s\u0103 exploreze destina\u021bii din \u021bar\u0103, fie din dorin\u021ba de flexibilitate, fie pentru un control mai bun asupra costurilor. Aceast\u0103 orientare c\u0103tre [&hellip;]<\/p>\n","protected":false},"author":1,"featured_media":2028,"comment_status":"closed","ping_status":"closed","sticky":false,"template":"","format":"standard","meta":{"footnotes":""},"categories":[103],"tags":[],"class_list":["post-2027","post","type-post","status-publish","format-standard","has-post-thumbnail","hentry","category-stiri"],"better_featured_image":{"id":2028,"alt_text":"\u00eenchirieri auto locale","caption":"","description":"","media_type":"image","media_details":{"width":2048,"height":1357,"file":"2026\/04\/MS95tE_vhQvQlbbguYV3ABZKvJgqNrqw_Jt_jceKFugxOEFtqxQzErabZiojihvI1n8rAChOejHbrsOONjP3Df3beD0rYo6fkuEZRlt4E7qrT91ar2I5aPzSBXwF6r0RkyrP44jov-wAYRocq7zfwROx_-hffsszzODq7n5RT-AJM79gfxvXZIc49fqATDM0.jpeg","filesize":263300,"sizes":{"medium":{"file":"MS95tE_vhQvQlbbguYV3ABZKvJgqNrqw_Jt_jceKFugxOEFtqxQzErabZiojihvI1n8rAChOejHbrsOONjP3Df3beD0rYo6fkuEZRlt4E7qrT91ar2I5aPzSBXwF6r0RkyrP44jov-wAYRocq7zfwROx_-hffsszzODq7n5RT-AJM79gfxvXZIc49fqATDM0-300x199.jpeg","width":300,"height":199,"mime-type":"image\/jpeg","filesize":14192,"source_url":"https:\/\/pricecarz.com\/blog\/wp-content\/uploads\/2026\/04\/MS95tE_vhQvQlbbguYV3ABZKvJgqNrqw_Jt_jceKFugxOEFtqxQzErabZiojihvI1n8rAChOejHbrsOONjP3Df3beD0rYo6fkuEZRlt4E7qrT91ar2I5aPzSBXwF6r0RkyrP44jov-wAYRocq7zfwROx_-hffsszzODq7n5RT-AJM79gfxvXZIc49fqATDM0-300x199.jpeg"},"large":{"file":"MS95tE_vhQvQlbbguYV3ABZKvJgqNrqw_Jt_jceKFugxOEFtqxQzErabZiojihvI1n8rAChOejHbrsOONjP3Df3beD0rYo6fkuEZRlt4E7qrT91ar2I5aPzSBXwF6r0RkyrP44jov-wAYRocq7zfwROx_-hffsszzODq7n5RT-AJM79gfxvXZIc49fqATDM0-1024x679.jpeg","width":1024,"height":679,"mime-type":"image\/jpeg","filesize":107652,"source_url":"https:\/\/pricecarz.com\/blog\/wp-content\/uploads\/2026\/04\/MS95tE_vhQvQlbbguYV3ABZKvJgqNrqw_Jt_jceKFugxOEFtqxQzErabZiojihvI1n8rAChOejHbrsOONjP3Df3beD0rYo6fkuEZRlt4E7qrT91ar2I5aPzSBXwF6r0RkyrP44jov-wAYRocq7zfwROx_-hffsszzODq7n5RT-AJM79gfxvXZIc49fqATDM0-1024x679.jpeg"},"thumbnail":{"file":"MS95tE_vhQvQlbbguYV3ABZKvJgqNrqw_Jt_jceKFugxOEFtqxQzErabZiojihvI1n8rAChOejHbrsOONjP3Df3beD0rYo6fkuEZRlt4E7qrT91ar2I5aPzSBXwF6r0RkyrP44jov-wAYRocq7zfwROx_-hffsszzODq7n5RT-AJM79gfxvXZIc49fqATDM0-150x150.jpeg","width":150,"height":150,"mime-type":"image\/jpeg","filesize":6806,"source_url":"https:\/\/pricecarz.com\/blog\/wp-content\/uploads\/2026\/04\/MS95tE_vhQvQlbbguYV3ABZKvJgqNrqw_Jt_jceKFugxOEFtqxQzErabZiojihvI1n8rAChOejHbrsOONjP3Df3beD0rYo6fkuEZRlt4E7qrT91ar2I5aPzSBXwF6r0RkyrP44jov-wAYRocq7zfwROx_-hffsszzODq7n5RT-AJM79gfxvXZIc49fqATDM0-150x150.jpeg"},"medium_large":{"file":"MS95tE_vhQvQlbbguYV3ABZKvJgqNrqw_Jt_jceKFugxOEFtqxQzErabZiojihvI1n8rAChOejHbrsOONjP3Df3beD0rYo6fkuEZRlt4E7qrT91ar2I5aPzSBXwF6r0RkyrP44jov-wAYRocq7zfwROx_-hffsszzODq7n5RT-AJM79gfxvXZIc49fqATDM0-768x509.jpeg","width":768,"height":509,"mime-type":"image\/jpeg","filesize":66990,"source_url":"https:\/\/pricecarz.com\/blog\/wp-content\/uploads\/2026\/04\/MS95tE_vhQvQlbbguYV3ABZKvJgqNrqw_Jt_jceKFugxOEFtqxQzErabZiojihvI1n8rAChOejHbrsOONjP3Df3beD0rYo6fkuEZRlt4E7qrT91ar2I5aPzSBXwF6r0RkyrP44jov-wAYRocq7zfwROx_-hffsszzODq7n5RT-AJM79gfxvXZIc49fqATDM0-768x509.jpeg"},"1536x1536":{"file":"MS95tE_vhQvQlbbguYV3ABZKvJgqNrqw_Jt_jceKFugxOEFtqxQzErabZiojihvI1n8rAChOejHbrsOONjP3Df3beD0rYo6fkuEZRlt4E7qrT91ar2I5aPzSBXwF6r0RkyrP44jov-wAYRocq7zfwROx_-hffsszzODq7n5RT-AJM79gfxvXZIc49fqATDM0-1536x1018.jpeg","width":1536,"height":1018,"mime-type":"image\/jpeg","filesize":202313,"source_url":"https:\/\/pricecarz.com\/blog\/wp-content\/uploads\/2026\/04\/MS95tE_vhQvQlbbguYV3ABZKvJgqNrqw_Jt_jceKFugxOEFtqxQzErabZiojihvI1n8rAChOejHbrsOONjP3Df3beD0rYo6fkuEZRlt4E7qrT91ar2I5aPzSBXwF6r0RkyrP44jov-wAYRocq7zfwROx_-hffsszzODq7n5RT-AJM79gfxvXZIc49fqATDM0-1536x1018.jpeg"}},"image_meta":{"aperture":"0","credit":"","camera":"","caption":"","created_timestamp":"0","copyright":"","focal_length":"0","iso":"0","shutter_speed":"0","title":"","orientation":"0","keywords":[]}},"post":2027,"source_url":"https:\/\/pricecarz.com\/blog\/wp-content\/uploads\/2026\/04\/MS95tE_vhQvQlbbguYV3ABZKvJgqNrqw_Jt_jceKFugxOEFtqxQzErabZiojihvI1n8rAChOejHbrsOONjP3Df3beD0rYo6fkuEZRlt4E7qrT91ar2I5aPzSBXwF6r0RkyrP44jov-wAYRocq7zfwROx_-hffsszzODq7n5RT-AJM79gfxvXZIc49fqATDM0.jpeg"},"yoast_head":"<!-- This site is optimized with the Yoast SEO plugin v27.5 - https:\/\/yoast.com\/product\/yoast-seo-wordpress\/ -->\n<title>Cre\u0219terea turi\u0219tilor interni \u0219i impactul asupra \u00eenchirierilor auto locale<\/title>\n<meta name=\"description\" content=\"Afl\u0103 cum cre\u0219terea num\u0103rului de turi\u0219ti interni favorizeaz\u0103 \u00eenchirierile auto locale \u0219i de ce mobilitatea devine tot mai important\u0103 \u00een Rom\u00e2nia.\" \/>\n<meta name=\"robots\" content=\"index, follow, max-snippet:-1, max-image-preview:large, max-video-preview:-1\" \/>\n<link rel=\"canonical\" href=\"https:\/\/pricecarz.com\/blog\/cresterea-numarului-de-turisti-interni-favorizeaza-inchirierile-locale\/\" \/>\n<meta property=\"og:locale\" content=\"ro_RO\" \/>\n<meta property=\"og:type\" content=\"article\" \/>\n<meta property=\"og:title\" content=\"Cre\u0219terea turi\u0219tilor interni \u0219i impactul asupra \u00eenchirierilor auto locale\" \/>\n<meta property=\"og:description\" content=\"Afl\u0103 cum cre\u0219terea num\u0103rului de turi\u0219ti interni favorizeaz\u0103 \u00eenchirierile auto locale \u0219i de ce mobilitatea devine tot mai important\u0103 \u00een Rom\u00e2nia.\" \/>\n<meta property=\"og:url\" content=\"https:\/\/pricecarz.com\/blog\/cresterea-numarului-de-turisti-interni-favorizeaza-inchirierile-locale\/\" \/>\n<meta property=\"og:site_name\" content=\"PriceCarz - News\" \/>\n<meta property=\"article:publisher\" content=\"https:\/\/www.facebook.com\/pricecarzro\/\" \/>\n<meta property=\"article:published_time\" content=\"2026-04-22T06:22:35+00:00\" \/>\n<meta property=\"og:image\" content=\"https:\/\/pricecarz.com\/blog\/wp-content\/uploads\/2026\/04\/MS95tE_vhQvQlbbguYV3ABZKvJgqNrqw_Jt_jceKFugxOEFtqxQzErabZiojihvI1n8rAChOejHbrsOONjP3Df3beD0rYo6fkuEZRlt4E7qrT91ar2I5aPzSBXwF6r0RkyrP44jov-wAYRocq7zfwROx_-hffsszzODq7n5RT-AJM79gfxvXZIc49fqATDM0.jpeg\" \/>\n\t<meta property=\"og:image:width\" content=\"2048\" \/>\n\t<meta property=\"og:image:height\" content=\"1357\" \/>\n\t<meta property=\"og:image:type\" content=\"image\/jpeg\" \/>\n<meta name=\"author\" content=\"PriceCarz\" \/>\n<meta name=\"twitter:card\" content=\"summary_large_image\" \/>\n<meta name=\"twitter:label1\" content=\"Scris de\" \/>\n\t<meta name=\"twitter:data1\" content=\"PriceCarz\" \/>\n\t<meta name=\"twitter:label2\" content=\"Timp estimat pentru citire\" \/>\n\t<meta name=\"twitter:data2\" content=\"5 minute\" \/>\n<script type=\"application\/ld+json\" class=\"yoast-schema-graph\">{\"@context\":\"https:\\\/\\\/schema.org\",\"@graph\":[{\"@type\":\"Article\",\"@id\":\"https:\\\/\\\/pricecarz.com\\\/blog\\\/cresterea-numarului-de-turisti-interni-favorizeaza-inchirierile-locale\\\/#article\",\"isPartOf\":{\"@id\":\"https:\\\/\\\/pricecarz.com\\\/blog\\\/cresterea-numarului-de-turisti-interni-favorizeaza-inchirierile-locale\\\/\"},\"author\":{\"name\":\"PriceCarz\",\"@id\":\"https:\\\/\\\/pricecarz.com\\\/blog\\\/#\\\/schema\\\/person\\\/e06ce7cec48ca5e9143baad0b1d7f1a3\"},\"headline\":\"Cre\u0219terea num\u0103rului de turi\u0219ti interni favorizeaz\u0103 \u00eenchirierile locale\",\"datePublished\":\"2026-04-22T06:22:35+00:00\",\"mainEntityOfPage\":{\"@id\":\"https:\\\/\\\/pricecarz.com\\\/blog\\\/cresterea-numarului-de-turisti-interni-favorizeaza-inchirierile-locale\\\/\"},\"wordCount\":908,\"publisher\":{\"@id\":\"https:\\\/\\\/pricecarz.com\\\/blog\\\/#organization\"},\"image\":{\"@id\":\"https:\\\/\\\/pricecarz.com\\\/blog\\\/cresterea-numarului-de-turisti-interni-favorizeaza-inchirierile-locale\\\/#primaryimage\"},\"thumbnailUrl\":\"https:\\\/\\\/pricecarz.com\\\/blog\\\/wp-content\\\/uploads\\\/2026\\\/04\\\/MS95tE_vhQvQlbbguYV3ABZKvJgqNrqw_Jt_jceKFugxOEFtqxQzErabZiojihvI1n8rAChOejHbrsOONjP3Df3beD0rYo6fkuEZRlt4E7qrT91ar2I5aPzSBXwF6r0RkyrP44jov-wAYRocq7zfwROx_-hffsszzODq7n5RT-AJM79gfxvXZIc49fqATDM0.jpeg\",\"articleSection\":[\"Stiri inchirieri auto\"],\"inLanguage\":\"ro-RO\"},{\"@type\":\"WebPage\",\"@id\":\"https:\\\/\\\/pricecarz.com\\\/blog\\\/cresterea-numarului-de-turisti-interni-favorizeaza-inchirierile-locale\\\/\",\"url\":\"https:\\\/\\\/pricecarz.com\\\/blog\\\/cresterea-numarului-de-turisti-interni-favorizeaza-inchirierile-locale\\\/\",\"name\":\"Cre\u0219terea turi\u0219tilor interni \u0219i impactul asupra \u00eenchirierilor auto locale\",\"isPartOf\":{\"@id\":\"https:\\\/\\\/pricecarz.com\\\/blog\\\/#website\"},\"primaryImageOfPage\":{\"@id\":\"https:\\\/\\\/pricecarz.com\\\/blog\\\/cresterea-numarului-de-turisti-interni-favorizeaza-inchirierile-locale\\\/#primaryimage\"},\"image\":{\"@id\":\"https:\\\/\\\/pricecarz.com\\\/blog\\\/cresterea-numarului-de-turisti-interni-favorizeaza-inchirierile-locale\\\/#primaryimage\"},\"thumbnailUrl\":\"https:\\\/\\\/pricecarz.com\\\/blog\\\/wp-content\\\/uploads\\\/2026\\\/04\\\/MS95tE_vhQvQlbbguYV3ABZKvJgqNrqw_Jt_jceKFugxOEFtqxQzErabZiojihvI1n8rAChOejHbrsOONjP3Df3beD0rYo6fkuEZRlt4E7qrT91ar2I5aPzSBXwF6r0RkyrP44jov-wAYRocq7zfwROx_-hffsszzODq7n5RT-AJM79gfxvXZIc49fqATDM0.jpeg\",\"datePublished\":\"2026-04-22T06:22:35+00:00\",\"description\":\"Afl\u0103 cum cre\u0219terea num\u0103rului de turi\u0219ti interni favorizeaz\u0103 \u00eenchirierile auto locale \u0219i de ce mobilitatea devine tot mai important\u0103 \u00een Rom\u00e2nia.\",\"breadcrumb\":{\"@id\":\"https:\\\/\\\/pricecarz.com\\\/blog\\\/cresterea-numarului-de-turisti-interni-favorizeaza-inchirierile-locale\\\/#breadcrumb\"},\"inLanguage\":\"ro-RO\",\"potentialAction\":[{\"@type\":\"ReadAction\",\"target\":[\"https:\\\/\\\/pricecarz.com\\\/blog\\\/cresterea-numarului-de-turisti-interni-favorizeaza-inchirierile-locale\\\/\"]}]},{\"@type\":\"ImageObject\",\"inLanguage\":\"ro-RO\",\"@id\":\"https:\\\/\\\/pricecarz.com\\\/blog\\\/cresterea-numarului-de-turisti-interni-favorizeaza-inchirierile-locale\\\/#primaryimage\",\"url\":\"https:\\\/\\\/pricecarz.com\\\/blog\\\/wp-content\\\/uploads\\\/2026\\\/04\\\/MS95tE_vhQvQlbbguYV3ABZKvJgqNrqw_Jt_jceKFugxOEFtqxQzErabZiojihvI1n8rAChOejHbrsOONjP3Df3beD0rYo6fkuEZRlt4E7qrT91ar2I5aPzSBXwF6r0RkyrP44jov-wAYRocq7zfwROx_-hffsszzODq7n5RT-AJM79gfxvXZIc49fqATDM0.jpeg\",\"contentUrl\":\"https:\\\/\\\/pricecarz.com\\\/blog\\\/wp-content\\\/uploads\\\/2026\\\/04\\\/MS95tE_vhQvQlbbguYV3ABZKvJgqNrqw_Jt_jceKFugxOEFtqxQzErabZiojihvI1n8rAChOejHbrsOONjP3Df3beD0rYo6fkuEZRlt4E7qrT91ar2I5aPzSBXwF6r0RkyrP44jov-wAYRocq7zfwROx_-hffsszzODq7n5RT-AJM79gfxvXZIc49fqATDM0.jpeg\",\"width\":2048,\"height\":1357,\"caption\":\"\u00eenchirieri auto locale\"},{\"@type\":\"BreadcrumbList\",\"@id\":\"https:\\\/\\\/pricecarz.com\\\/blog\\\/cresterea-numarului-de-turisti-interni-favorizeaza-inchirierile-locale\\\/#breadcrumb\",\"itemListElement\":[{\"@type\":\"ListItem\",\"position\":1,\"name\":\"Prima pagin\u0103\",\"item\":\"https:\\\/\\\/pricecarz.com\\\/blog\\\/\"},{\"@type\":\"ListItem\",\"position\":2,\"name\":\"Cre\u0219terea num\u0103rului de turi\u0219ti interni favorizeaz\u0103 \u00eenchirierile locale\"}]},{\"@type\":\"WebSite\",\"@id\":\"https:\\\/\\\/pricecarz.com\\\/blog\\\/#website\",\"url\":\"https:\\\/\\\/pricecarz.com\\\/blog\\\/\",\"name\":\"PriceCarz - Inchirieri auto romania. Rent a Car Otopeni, Sibiu, Timisoara, Cluj Napoca, Iasi\",\"description\":\"\u00cenchiriaz\u0103 ma\u0219ina potrivit\u0103 pentru tine\",\"publisher\":{\"@id\":\"https:\\\/\\\/pricecarz.com\\\/blog\\\/#organization\"},\"alternateName\":\"Rent a Car Romania\",\"potentialAction\":[{\"@type\":\"SearchAction\",\"target\":{\"@type\":\"EntryPoint\",\"urlTemplate\":\"https:\\\/\\\/pricecarz.com\\\/blog\\\/?s={search_term_string}\"},\"query-input\":{\"@type\":\"PropertyValueSpecification\",\"valueRequired\":true,\"valueName\":\"search_term_string\"}}],\"inLanguage\":\"ro-RO\"},{\"@type\":\"Organization\",\"@id\":\"https:\\\/\\\/pricecarz.com\\\/blog\\\/#organization\",\"name\":\"PriceCarz - Inchirieri auto romania. Rent a Car Otopeni, Sibiu, Timisoara, Cluj Napoca, Iasi\",\"url\":\"https:\\\/\\\/pricecarz.com\\\/blog\\\/\",\"logo\":{\"@type\":\"ImageObject\",\"inLanguage\":\"ro-RO\",\"@id\":\"https:\\\/\\\/pricecarz.com\\\/blog\\\/#\\\/schema\\\/logo\\\/image\\\/\",\"url\":\"https:\\\/\\\/pricecarz.com\\\/blog\\\/wp-content\\\/uploads\\\/2022\\\/11\\\/cropped-pricecarzfavicon.png\",\"contentUrl\":\"https:\\\/\\\/pricecarz.com\\\/blog\\\/wp-content\\\/uploads\\\/2022\\\/11\\\/cropped-pricecarzfavicon.png\",\"width\":512,\"height\":512,\"caption\":\"PriceCarz - Inchirieri auto romania. Rent a Car Otopeni, Sibiu, Timisoara, Cluj Napoca, Iasi\"},\"image\":{\"@id\":\"https:\\\/\\\/pricecarz.com\\\/blog\\\/#\\\/schema\\\/logo\\\/image\\\/\"},\"sameAs\":[\"https:\\\/\\\/www.facebook.com\\\/pricecarzro\\\/\",\"https:\\\/\\\/www.tiktok.com\\\/@pricecarz\",\"https:\\\/\\\/linkedin.com\\\/in\\\/price-carz-3198ab24a\",\"https:\\\/\\\/www.youtube.com\\\/@Pricecarz\",\"https:\\\/\\\/www.instagram.com\\\/price.carz\\\/\"]},{\"@type\":\"Person\",\"@id\":\"https:\\\/\\\/pricecarz.com\\\/blog\\\/#\\\/schema\\\/person\\\/e06ce7cec48ca5e9143baad0b1d7f1a3\",\"name\":\"PriceCarz\",\"image\":{\"@type\":\"ImageObject\",\"inLanguage\":\"ro-RO\",\"@id\":\"https:\\\/\\\/secure.gravatar.com\\\/avatar\\\/2d8861120a5e9117f964b256ce8539af85ece08559d68a5266188a17bd0dfac9?s=96&d=mm&r=g\",\"url\":\"https:\\\/\\\/secure.gravatar.com\\\/avatar\\\/2d8861120a5e9117f964b256ce8539af85ece08559d68a5266188a17bd0dfac9?s=96&d=mm&r=g\",\"contentUrl\":\"https:\\\/\\\/secure.gravatar.com\\\/avatar\\\/2d8861120a5e9117f964b256ce8539af85ece08559d68a5266188a17bd0dfac9?s=96&d=mm&r=g\",\"caption\":\"PriceCarz\"},\"sameAs\":[\"https:\\\/\\\/pricecarz.com\\\/blog\"]}]}<\/script>\n<!-- \/ Yoast SEO plugin. -->","yoast_head_json":{"title":"Cre\u0219terea turi\u0219tilor interni \u0219i impactul asupra \u00eenchirierilor auto locale","description":"Afl\u0103 cum cre\u0219terea num\u0103rului de turi\u0219ti interni favorizeaz\u0103 \u00eenchirierile auto locale \u0219i de ce mobilitatea devine tot mai important\u0103 \u00een Rom\u00e2nia.","robots":{"index":"index","follow":"follow","max-snippet":"max-snippet:-1","max-image-preview":"max-image-preview:large","max-video-preview":"max-video-preview:-1"},"canonical":"https:\/\/pricecarz.com\/blog\/cresterea-numarului-de-turisti-interni-favorizeaza-inchirierile-locale\/","og_locale":"ro_RO","og_type":"article","og_title":"Cre\u0219terea turi\u0219tilor interni \u0219i impactul asupra \u00eenchirierilor auto locale","og_description":"Afl\u0103 cum cre\u0219terea num\u0103rului de turi\u0219ti interni favorizeaz\u0103 \u00eenchirierile auto locale \u0219i de ce mobilitatea devine tot mai important\u0103 \u00een Rom\u00e2nia.","og_url":"https:\/\/pricecarz.com\/blog\/cresterea-numarului-de-turisti-interni-favorizeaza-inchirierile-locale\/","og_site_name":"PriceCarz - News","article_publisher":"https:\/\/www.facebook.com\/pricecarzro\/","article_published_time":"2026-04-22T06:22:35+00:00","og_image":[{"width":2048,"height":1357,"url":"https:\/\/pricecarz.com\/blog\/wp-content\/uploads\/2026\/04\/MS95tE_vhQvQlbbguYV3ABZKvJgqNrqw_Jt_jceKFugxOEFtqxQzErabZiojihvI1n8rAChOejHbrsOONjP3Df3beD0rYo6fkuEZRlt4E7qrT91ar2I5aPzSBXwF6r0RkyrP44jov-wAYRocq7zfwROx_-hffsszzODq7n5RT-AJM79gfxvXZIc49fqATDM0.jpeg","type":"image\/jpeg"}],"author":"PriceCarz","twitter_card":"summary_large_image","twitter_misc":{"Scris de":"PriceCarz","Timp estimat pentru citire":"5 minute"},"schema":{"@context":"https:\/\/schema.org","@graph":[{"@type":"Article","@id":"https:\/\/pricecarz.com\/blog\/cresterea-numarului-de-turisti-interni-favorizeaza-inchirierile-locale\/#article","isPartOf":{"@id":"https:\/\/pricecarz.com\/blog\/cresterea-numarului-de-turisti-interni-favorizeaza-inchirierile-locale\/"},"author":{"name":"PriceCarz","@id":"https:\/\/pricecarz.com\/blog\/#\/schema\/person\/e06ce7cec48ca5e9143baad0b1d7f1a3"},"headline":"Cre\u0219terea num\u0103rului de turi\u0219ti interni favorizeaz\u0103 \u00eenchirierile locale","datePublished":"2026-04-22T06:22:35+00:00","mainEntityOfPage":{"@id":"https:\/\/pricecarz.com\/blog\/cresterea-numarului-de-turisti-interni-favorizeaza-inchirierile-locale\/"},"wordCount":908,"publisher":{"@id":"https:\/\/pricecarz.com\/blog\/#organization"},"image":{"@id":"https:\/\/pricecarz.com\/blog\/cresterea-numarului-de-turisti-interni-favorizeaza-inchirierile-locale\/#primaryimage"},"thumbnailUrl":"https:\/\/pricecarz.com\/blog\/wp-content\/uploads\/2026\/04\/MS95tE_vhQvQlbbguYV3ABZKvJgqNrqw_Jt_jceKFugxOEFtqxQzErabZiojihvI1n8rAChOejHbrsOONjP3Df3beD0rYo6fkuEZRlt4E7qrT91ar2I5aPzSBXwF6r0RkyrP44jov-wAYRocq7zfwROx_-hffsszzODq7n5RT-AJM79gfxvXZIc49fqATDM0.jpeg","articleSection":["Stiri inchirieri auto"],"inLanguage":"ro-RO"},{"@type":"WebPage","@id":"https:\/\/pricecarz.com\/blog\/cresterea-numarului-de-turisti-interni-favorizeaza-inchirierile-locale\/","url":"https:\/\/pricecarz.com\/blog\/cresterea-numarului-de-turisti-interni-favorizeaza-inchirierile-locale\/","name":"Cre\u0219terea turi\u0219tilor interni \u0219i impactul asupra \u00eenchirierilor auto locale","isPartOf":{"@id":"https:\/\/pricecarz.com\/blog\/#website"},"primaryImageOfPage":{"@id":"https:\/\/pricecarz.com\/blog\/cresterea-numarului-de-turisti-interni-favorizeaza-inchirierile-locale\/#primaryimage"},"image":{"@id":"https:\/\/pricecarz.com\/blog\/cresterea-numarului-de-turisti-interni-favorizeaza-inchirierile-locale\/#primaryimage"},"thumbnailUrl":"https:\/\/pricecarz.com\/blog\/wp-content\/uploads\/2026\/04\/MS95tE_vhQvQlbbguYV3ABZKvJgqNrqw_Jt_jceKFugxOEFtqxQzErabZiojihvI1n8rAChOejHbrsOONjP3Df3beD0rYo6fkuEZRlt4E7qrT91ar2I5aPzSBXwF6r0RkyrP44jov-wAYRocq7zfwROx_-hffsszzODq7n5RT-AJM79gfxvXZIc49fqATDM0.jpeg","datePublished":"2026-04-22T06:22:35+00:00","description":"Afl\u0103 cum cre\u0219terea num\u0103rului de turi\u0219ti interni favorizeaz\u0103 \u00eenchirierile auto locale \u0219i de ce mobilitatea devine tot mai important\u0103 \u00een Rom\u00e2nia.","breadcrumb":{"@id":"https:\/\/pricecarz.com\/blog\/cresterea-numarului-de-turisti-interni-favorizeaza-inchirierile-locale\/#breadcrumb"},"inLanguage":"ro-RO","potentialAction":[{"@type":"ReadAction","target":["https:\/\/pricecarz.com\/blog\/cresterea-numarului-de-turisti-interni-favorizeaza-inchirierile-locale\/"]}]},{"@type":"ImageObject","inLanguage":"ro-RO","@id":"https:\/\/pricecarz.com\/blog\/cresterea-numarului-de-turisti-interni-favorizeaza-inchirierile-locale\/#primaryimage","url":"https:\/\/pricecarz.com\/blog\/wp-content\/uploads\/2026\/04\/MS95tE_vhQvQlbbguYV3ABZKvJgqNrqw_Jt_jceKFugxOEFtqxQzErabZiojihvI1n8rAChOejHbrsOONjP3Df3beD0rYo6fkuEZRlt4E7qrT91ar2I5aPzSBXwF6r0RkyrP44jov-wAYRocq7zfwROx_-hffsszzODq7n5RT-AJM79gfxvXZIc49fqATDM0.jpeg","contentUrl":"https:\/\/pricecarz.com\/blog\/wp-content\/uploads\/2026\/04\/MS95tE_vhQvQlbbguYV3ABZKvJgqNrqw_Jt_jceKFugxOEFtqxQzErabZiojihvI1n8rAChOejHbrsOONjP3Df3beD0rYo6fkuEZRlt4E7qrT91ar2I5aPzSBXwF6r0RkyrP44jov-wAYRocq7zfwROx_-hffsszzODq7n5RT-AJM79gfxvXZIc49fqATDM0.jpeg","width":2048,"height":1357,"caption":"\u00eenchirieri auto locale"},{"@type":"BreadcrumbList","@id":"https:\/\/pricecarz.com\/blog\/cresterea-numarului-de-turisti-interni-favorizeaza-inchirierile-locale\/#breadcrumb","itemListElement":[{"@type":"ListItem","position":1,"name":"Prima pagin\u0103","item":"https:\/\/pricecarz.com\/blog\/"},{"@type":"ListItem","position":2,"name":"Cre\u0219terea num\u0103rului de turi\u0219ti interni favorizeaz\u0103 \u00eenchirierile locale"}]},{"@type":"WebSite","@id":"https:\/\/pricecarz.com\/blog\/#website","url":"https:\/\/pricecarz.com\/blog\/","name":"PriceCarz - Inchirieri auto romania. Rent a Car Otopeni, Sibiu, Timisoara, Cluj Napoca, Iasi","description":"\u00cenchiriaz\u0103 ma\u0219ina potrivit\u0103 pentru tine","publisher":{"@id":"https:\/\/pricecarz.com\/blog\/#organization"},"alternateName":"Rent a Car Romania","potentialAction":[{"@type":"SearchAction","target":{"@type":"EntryPoint","urlTemplate":"https:\/\/pricecarz.com\/blog\/?s={search_term_string}"},"query-input":{"@type":"PropertyValueSpecification","valueRequired":true,"valueName":"search_term_string"}}],"inLanguage":"ro-RO"},{"@type":"Organization","@id":"https:\/\/pricecarz.com\/blog\/#organization","name":"PriceCarz - Inchirieri auto romania. Rent a Car Otopeni, Sibiu, Timisoara, Cluj Napoca, Iasi","url":"https:\/\/pricecarz.com\/blog\/","logo":{"@type":"ImageObject","inLanguage":"ro-RO","@id":"https:\/\/pricecarz.com\/blog\/#\/schema\/logo\/image\/","url":"https:\/\/pricecarz.com\/blog\/wp-content\/uploads\/2022\/11\/cropped-pricecarzfavicon.png","contentUrl":"https:\/\/pricecarz.com\/blog\/wp-content\/uploads\/2022\/11\/cropped-pricecarzfavicon.png","width":512,"height":512,"caption":"PriceCarz - Inchirieri auto romania. Rent a Car Otopeni, Sibiu, Timisoara, Cluj Napoca, Iasi"},"image":{"@id":"https:\/\/pricecarz.com\/blog\/#\/schema\/logo\/image\/"},"sameAs":["https:\/\/www.facebook.com\/pricecarzro\/","https:\/\/www.tiktok.com\/@pricecarz","https:\/\/linkedin.com\/in\/price-carz-3198ab24a","https:\/\/www.youtube.com\/@Pricecarz","https:\/\/www.instagram.com\/price.carz\/"]},{"@type":"Person","@id":"https:\/\/pricecarz.com\/blog\/#\/schema\/person\/e06ce7cec48ca5e9143baad0b1d7f1a3","name":"PriceCarz","image":{"@type":"ImageObject","inLanguage":"ro-RO","@id":"https:\/\/secure.gravatar.com\/avatar\/2d8861120a5e9117f964b256ce8539af85ece08559d68a5266188a17bd0dfac9?s=96&d=mm&r=g","url":"https:\/\/secure.gravatar.com\/avatar\/2d8861120a5e9117f964b256ce8539af85ece08559d68a5266188a17bd0dfac9?s=96&d=mm&r=g","contentUrl":"https:\/\/secure.gravatar.com\/avatar\/2d8861120a5e9117f964b256ce8539af85ece08559d68a5266188a17bd0dfac9?s=96&d=mm&r=g","caption":"PriceCarz"},"sameAs":["https:\/\/pricecarz.com\/blog"]}]}},"_links":{"self":[{"href":"https:\/\/pricecarz.com\/blog\/wp-json\/wp\/v2\/posts\/2027","targetHints":{"allow":["GET"]}}],"collection":[{"href":"https:\/\/pricecarz.com\/blog\/wp-json\/wp\/v2\/posts"}],"about":[{"href":"https:\/\/pricecarz.com\/blog\/wp-json\/wp\/v2\/types\/post"}],"author":[{"embeddable":true,"href":"https:\/\/pricecarz.com\/blog\/wp-json\/wp\/v2\/users\/1"}],"replies":[{"embeddable":true,"href":"https:\/\/pricecarz.com\/blog\/wp-json\/wp\/v2\/comments?post=2027"}],"version-history":[{"count":1,"href":"https:\/\/pricecarz.com\/blog\/wp-json\/wp\/v2\/posts\/2027\/revisions"}],"predecessor-version":[{"id":2030,"href":"https:\/\/pricecarz.com\/blog\/wp-json\/wp\/v2\/posts\/2027\/revisions\/2030"}],"wp:featuredmedia":[{"embeddable":true,"href":"https:\/\/pricecarz.com\/blog\/wp-json\/wp\/v2\/media\/2028"}],"wp:attachment":[{"href":"https:\/\/pricecarz.com\/blog\/wp-json\/wp\/v2\/media?parent=2027"}],"wp:term":[{"taxonomy":"category","embeddable":true,"href":"https:\/\/pricecarz.com\/blog\/wp-json\/wp\/v2\/categories?post=2027"},{"taxonomy":"post_tag","embeddable":true,"href":"https:\/\/pricecarz.com\/blog\/wp-json\/wp\/v2\/tags?post=2027"}],"curies":[{"name":"wp","href":"https:\/\/api.w.org\/{rel}","templated":true}]}}